{"id":636,"date":"2024-05-13T20:09:16","date_gmt":"2024-05-13T18:09:16","guid":{"rendered":"http:\/\/vincentbouget.com\/?p=636"},"modified":"2024-05-13T20:09:16","modified_gmt":"2024-05-13T18:09:16","slug":"nimes-olympique-etprojet-de-nouveau-stade-lensemble-de-nos-prises-de-position-depuis-2019","status":"publish","type":"post","link":"https:\/\/vincentbouget.com\/index.php\/2024\/05\/13\/nimes-olympique-etprojet-de-nouveau-stade-lensemble-de-nos-prises-de-position-depuis-2019\/","title":{"rendered":"N\u00eemes Olympique et projet de nouveau stade : l&rsquo;ensemble de nos prises de position depuis 2019"},"content":{"rendered":"\n<p><em>Retour sur les interventions \u00e0 propos de la situation de N\u00eemes Olympique\u00a0et du projet de nouveau stade entre 2019 et 2023. <\/em><\/p>\n\n\n\n<p><strong>5 avril 2024<\/strong><\/p>\n\n\n\n<p>Depuis quelques jours, des informations ont \u00e9t\u00e9 communiqu\u00e9es par voie de presse par le maire et son 1er adjoint au sujet du stade des Costi\u00e8res. L\u2019\u00e9tude de faisabilit\u00e9 de la r\u00e9novation du stade a semble-t-il \u00e9t\u00e9 rendue.<\/p>\n\n\n\n<p>Nous demandons \u00e0 en avoir connaissance car les informations rapport\u00e9es sont peu claires et parce qu\u2019il y a, semble-t-il, plusieurs sc\u00e9narios envisag\u00e9s.<\/p>\n\n\n\n<p>Le maire et son 1er adjoint envisageraient une r\u00e9novation comprenant une destruction de la tribune Sud pour <a><\/a>installer une entreprise n\u00eemoise et la r\u00e9novation ne permettrait qu\u2019une homologation du stade en National, ce qui d\u00e9noterait un manque certain d\u2019ambition\u2026<\/p>\n\n\n\n<p>Il y a eu depuis quelques ann\u00e9es de la part de la majorit\u00e9 beaucoup d\u2019erreurs et beaucoup de mensonges au sujet du stade des Costi\u00e8res.<\/p>\n\n\n\n<p>Il n\u2019a jamais \u00e9t\u00e9 entretenu, il fallait le vendre et le d\u00e9truire car il \u00e9tait, selon la mairie, impossible \u00e0 r\u00e9nover\u2026. Ce qui n\u2019est visiblement plus le cas.<\/p>\n\n\n\n<p>Nous demandons la totale transparence sur le sujet avec la communication de l\u2019\u00e9tude de faisabilit\u00e9 de la r\u00e9novation. La majorit\u00e9 doit arr\u00eater de jouer avec le patrimoine municipal et respecter les n\u00eemois.<\/p>\n\n\n\n<p><a href=\"https:\/\/www.facebook.com\/vincent.bouget30?__cft__[0]=AZXiR1ESmaOkWmCX8A08Tp4FDeuvxgE1WGvrr6cJZZuuJCAsYe5gACz61jnTm0_5glE80r7AmO72AH0oelwVuIVlzVgq8l-Ms-XUEr5n_wMxPdt7qyZ6N_bRTtnpJnIZDNMqDx6IFRKrOACZKOJSAEUdPwEZPWJ5zo44J_Go2SVI0HhOWaAmpvApVPX-orB0YfYCEdlmYAH-2TTuTrFF9vtz&amp;__tn__=-]K-R\">Vincent Bouget<\/a>, Jo Menut, Corinne Giacometti, Bruno Ferrier, Sylvette Fayet, Christian Bastid, Marianne Bern\u00e8de, Pierre-Edouard D\u00e9trez<\/p>\n\n\n\n<p><strong>15 septembre 2023 &#8211; Nouvel avis d\u00e9favorable de la CNAC <\/strong><\/p>\n\n\n\n<p>La Commission Nationale d\u2019Amenagement Commercial vient de rendre un nouvel avis d\u00e9favorable concernant le projet stade\/quartier de la soci\u00e9t\u00e9 NEMAU et de son pr\u00e9sident Rani Assaf. Le projet tel que pr\u00e9vu serait de nature \u00e0 porter atteinte au commerce de proximit\u00e9 nimois. Aucune r\u00e9ponse n\u2019a \u00e9t\u00e9 apport\u00e9e par le porteur de projet depuis le premier avis \u00e9mis en d\u00e9but d\u2019ann\u00e9e.<\/p>\n\n\n\n<p>Cette d\u00e9cision est une d\u00e9cision de bon sens. C\u2019est d\u2019ailleurs ce qu\u2019un certain nombre de personnes <a><\/a>disaient il y a deux ans lors de la concertation organis\u00e9e. L\u2019association des commer\u00e7ants du centre-ville et les \u00e9lus d\u2019opposition que nous sommes. A l\u2019\u00e9poque Rani Assaf, le maire et son 1er adjoint soutenaient main dans la main le projet en se montrant tr\u00e8s agressifs vis \u00e0 vis de ceux qui apportaient des critiques. Et j\u2019invite chacun \u00e0 retrouver l\u2019ensemble de nos d\u00e9clarations.<\/p>\n\n\n\n<p>Visiblement le vent a tourn\u00e9\u2026 Mais pourtant le projet de Rani Assaf, dans sa dimension sportive et sa dimension \u00e9conomique qui sont n\u00e9cessairement liees, \u00e9tait tr\u00e8s clair depuis le d\u00e9but et il n\u2019en a pas chang\u00e9\u2026<\/p>\n\n\n\n<p>La majorit\u00e9 municipale se drapant d\u2019un costume de super-h\u00e9ro assez ridicule, semble indiquer (mais tout n\u2019est pas tr\u00e8s clair encore concernant l\u2019avenir du projet) qu\u2019elle a bloqu\u00e9 le projet\u2026 il serait plus judicieux de dire qu\u2019elle surfe sur l\u2019air du temps.<\/p>\n\n\n\n<p>C\u2019est bien la majorit\u00e9 municipale qui par choix id\u00e9ologique (privatisation, champ libre aux promoteurs immobiliers, vision tr\u00e8s lib\u00e9rale de l\u2019urbanisation de la ville\u2026) a donn\u00e9 les clefs du camion \u00e0 un investisseur qui n\u2019a jamais cach\u00e9 son mod\u00e8le.<\/p>\n\n\n\n<p>Aujourd\u2019hui, c\u2019est donc le grand chaos. Et de nombreuses questions se posent sur l\u2019avenir du stade et du club.<\/p>\n\n\n\n<p>La ville nous a toujours dit que le stade ne pouvait \u00eatre r\u00e9nov\u00e9, visiblement elle a menti et il va falloir le faire. En m\u00eame temps que se construit la nouvelle halle des Sports cens\u00e9e remplacer les Costieres\u2026. Quant \u00e0 Rani Assaf, nul ne conna\u00eet aujourd\u2019hui ses intentions et on peut encore \u00eatre inquiet pour l\u2019avenir du club.<\/p>\n\n\n\n<p>A la satisfaction provoqu\u00e9e par l\u2019avis de la CNAC se m\u00eale toujours ce sentiment de col\u00e8re provoqu\u00e9e par un tel g\u00e2chis sportif, financier et politique.<\/p>\n\n\n\n<p><\/p>\n\n\n\n<p><\/p>\n\n\n\n<p><strong>3 mai 2023 &#8211; D\u00e9claration de Vincent Bouget<\/strong><\/p>\n\n\n\n<p>J\u2019observe avec sympathie la volont\u00e9 de certains supporters du Nimes Olympique et notamment du \u00ab Grinta Club \u00bb de faire venir davantage de monde au stade pour encourager l\u2019\u00e9quipe samedi. Il reste en effet une infime chance pour le maintien et cela passe sans doute par un soutien populaire plus fort que d\u2019habitude.&nbsp;<\/p>\n\n\n\n<p>Je ne veux pas ici rentrer dans un d\u00e9bat sur la nature et l\u2019utilit\u00e9 du Grinta Club, nous aurons sans doute le d\u00e9bat plus tard (comme continuera le d\u00e9bat sur l\u2019avenir du club et du stade)&nbsp;<\/p>\n\n\n\n<p>Mais cette tentative reste trop limit\u00e9e. 150 places \u00e0 gagner (pay\u00e9es par les adh\u00e9rents de l\u2019association)\u2026<\/p>\n\n\n\n<p>Que fait le club ? Il faut ouvrir le stade largement, faire des places \u00e0 1 euro voire gratuites (et \u00e9ventuellement demander \u00e0 des fanfares de venir jouer si on ne veut pas payer la Sacem)\u2026&nbsp;<\/p>\n\n\n\n<p>Il est peut \u00eatre encore temps de mettre toutes les chances de son c\u00f4t\u00e9 pour \u00e9viter une rel\u00e9gation qui fera sans doute tr\u00e8s mal au club et aux Nimois.&nbsp;<\/p>\n\n\n\n<p><\/p>\n\n\n\n<p><\/p>\n\n\n\n<p><strong>4 janvier 2023 &#8211; Communiqu\u00e9 de presse des \u00e9lus membres du groupe <em>N\u00eemes Citoyenne \u00c0 Gauche<\/em><\/strong><\/p>\n\n\n\n<p>Avis de la Commission Nationale d\u2019Am\u00e9nagement Commercial sur le projet de NEMAU&#8230; Veut-on d\u00e9finitivement tuer le commerce en centre-ville ?<\/p>\n\n\n\n<p>La Commission Nationale d\u2019Am\u00e9nagement Commercial a d\u00e9taill\u00e9 les raisons de son \u00abavis d\u00e9favorable avec revoyure \u00bb (pris \u00e0 l\u2019unanimit\u00e9) contre le volet commercial pr\u00e9vu par la soci\u00e9t\u00e9 NEMAU et Rani Assaf \u00e0 la place du stade des Costi\u00e8res.<\/p>\n\n\n\n<p>D\u2019apr\u00e8s les informations parues dans la presse locale, la CNAC pointe notamment le risque de concurrence commerciale avec le reste des commerces de la ville, et notamment le centre-ville. \u00ab Aucune garantie n\u2019est apport\u00e9e quant \u00e0 l\u2019articulation avec les commerces et artisans pr\u00e9sents sur le territoire \u00bb, \u00ab le projet est de nature en l\u2019\u00e9tat \u00e0 porter atteinte \u00e0 la pr\u00e9servation des commerces de proximit\u00e9 du territoire n\u00eemois \u00bb.&nbsp;<\/p>\n\n\n\n<p>De plus la CNAC pointe le \u00ab manque d\u2019ambition en mati\u00e8re de d\u00e9veloppement durable des constructions \u00bb.<\/p>\n\n\n\n<p>Lors de la concertation organis\u00e9e \u00e0 l\u2019automne 2021 par la commission nationale du d\u00e9bat public, nous avions d\u00e9j\u00e0 soulev\u00e9 ces probl\u00e8mes, parmi d\u2019autres.&nbsp;<\/p>\n\n\n\n<p>Nous pointions le fait que l\u2019activit\u00e9 du nouveau quartier allait vampiriser le reste de la ville, au profit d\u2019un op\u00e9rateur priv\u00e9. Depuis rien n\u2019a chang\u00e9. Aucune garantie concr\u00e8te n\u2019est venue de la part du porteur de projet pour prouver ses dires.&nbsp;<\/p>\n\n\n\n<p>De m\u00eame, alors que le mot \u00ab \u00e9co-quartier \u00bb \u00e9tait sans cesse prononc\u00e9, on a ici la confirmation qu\u2019il ne s\u2019agissait manifestement que d\u2019un leurre&#8230;<\/p>\n\n\n\n<p>La vente \u00ab s\u00e8che \u00bb programm\u00e9e du stade des Costi\u00e8res par la majorit\u00e9 municipale, comme l\u2019absence de cadre public \u00e0 l\u2019am\u00e9nagement du projet conduisent \u00e0 cet \u00e9tat de fait : une collectivit\u00e9 impuissante \u00e0 am\u00e9nager convenablement son espace, au profit de tous et de toute la ville.<\/p>\n\n\n\n<p><a href=\"https:\/\/www.facebook.com\/bougetfrontdegauche?__cft__%255B0%255D=AZVLl3NFYXFe1K4HDzavR26hgbkSBuhDkeJKhliVJOivfzGiMeqnME8WZDK9bOAneT8xrqgNLpMXHGx3RJ5tBjcEdfACcWt9C7hmeh2nJhZTi52XoUMnxddU8joM0ZGh9JQuf3U-Aoe4rtW21t590JAXwi0U37_ywKoAT6qasFNXIg&amp;__tn__=-%255DK-y-R\">Vincent Bouget<\/a> Jo Menut <a href=\"https:\/\/www.facebook.com\/profile.php?id=100015475503704&amp;__cft__%255B0%255D=AZVLl3NFYXFe1K4HDzavR26hgbkSBuhDkeJKhliVJOivfzGiMeqnME8WZDK9bOAneT8xrqgNLpMXHGx3RJ5tBjcEdfACcWt9C7hmeh2nJhZTi52XoUMnxddU8joM0ZGh9JQuf3U-Aoe4rtW21t590JAXwi0U37_ywKoAT6qasFNXIg&amp;__tn__=-%255DK-y-R\">Corinne Giacometti<\/a> Bruno Ferrier Sylvette Fayet Christian Bastid Marianne Bern\u00e8de Pierre-Edouard D\u00e9trez<\/p>\n\n\n\n<p><\/p>\n\n\n\n<p><\/p>\n\n\n\n<p><strong>30 juillet 2022 &#8211; D\u00e9claration de Vincent Bouget<\/strong><\/p>\n\n\n\n<p>Chez un supporter, il y a toujours un peu d\u2019excitation le jour d\u2018un match et bien s\u00fbr le jour de reprise du championnat.&nbsp;<\/p>\n\n\n\n<p>Ces derniers ann\u00e9es (avant la saison derni\u00e8re), c\u2019\u00e9tait au-del\u00e0 du sport un objet de de retrouvailles entre amis, de sociabilit\u00e9, de coh\u00e9sion. Je comprends bien s\u00fbr que certains ne comprennent pas, mais pourtant, au-del\u00e0 du sport le stade des Costieres \u00e9tait un lieu fort d\u2019\u00e9motions collectives, de joie, de f\u00eate.&nbsp;<\/p>\n\n\n\n<p>Force est de constater que le virage pris par la direction du club a tari l\u2019attente. C\u2019est dommage. Le projet de Grinta Club m\u2019appara\u00eet assez grotesque, jusque dans le nom d\u2019ailleurs. Une association qui permettrait \u00e0 ses adh\u00e9rents de b\u00e9n\u00e9ficier de tarifs pr\u00e9f\u00e9rentiels\u2026 quel est le sens ? Cr\u00e9er deux cat\u00e9gories de supporters ? Une association dont les cotisations permettraient de faire du \u00ab social \u00bb en invitant des publics d\u00e9favoris\u00e9s\u2026 mais de la place il y en a beaucoup dans le stade et n\u2019est ce pas au club de federer et d\u2019inviter ? Bref tout cela appara\u00eet tr\u00e8s artificiel et semble bien \u00e9loign\u00e9 des passions populaires\u2026<\/p>\n\n\n\n<p>Pourtant, comme chaque fois, ce soir alors que le stade sonnera sans doute bien creux, je suivrai le match un peu stress\u00e9 en esp\u00e9rant la victoire des Crocos, en esp\u00e9rant que ce petit espace de plaisir partag\u00e9 n\u2019ait pas compl\u00e8tement disparu.&nbsp;<\/p>\n\n\n\n<p><\/p>\n\n\n\n<p><\/p>\n\n\n\n<p><strong>2 mai 2022 &#8211; D\u00e9claration de Vincent Bouget<\/strong><\/p>\n\n\n\n<p>Lors de sa conf\u00e9rence de presse, le pr\u00e9sident de Nimes Olympique a parl\u00e9 de \u00ab Cancer \u00bb pour d\u00e9signer les groupes de supporters ainsi que celles et ceux proches du club qui se sont exprim\u00e9s contre sa gestion. Quelques soient les d\u00e9saccords et sans rentrer ici sur le fond du projet, je condamne ces propos.<\/p>\n\n\n\n<p><\/p>\n\n\n\n<p><\/p>\n\n\n\n<p><strong>21 novembre 2021 &#8211; D\u00e9claration de Vincent Bouget<\/strong><\/p>\n\n\n\n<p>Larmes de regret, larmes de remords ou larmes de crocodile\u2026<\/p>\n\n\n\n<p>Pr\u00e9sent hier au rassemblement des supporters de Nimes Olympique avec mes amis et coll\u00e8gues \u00e9lus <a href=\"https:\/\/www.facebook.com\/christian.bastid?__cft__%255B0%255D=AZVHlV8xpSKbkGIWBfeIpcqFLTq0fY4BzFQTxRkzIJ-pniSC0DOmPB7WEoMhqB5knkp-Iv3ypUaAijfuH6RmTrUs-82ms2Miq7MiXTgaY6ao8w&amp;__tn__=-%255DK-R\">Christian Bastid<\/a> et Bruno Ferrier, ainsi que de tr\u00e8s nombreux amis, j\u2019ai assist\u00e9 aux discours des clubs de supporters, des anciens joueurs et \u00e0 celui du maire\u2026 dans l\u2019assistance, beaucoup de tristesse, d\u2019incompr\u00e9hension et de col\u00e8re sur la situation du club, qui ajoute \u00e0 la d\u00e9saffection du public depuis le d\u00e9but de l\u2019ann\u00e9e.<\/p>\n\n\n\n<p>On est en r\u00e9alit\u00e9 \u00e0 la crois\u00e9e des chemins, celle li\u00e9e \u00e0 l\u2019\u00e9volution du sport et notamment du foot professionnel. La question reste pos\u00e9e : peut-on avoir une \u00e9quipe de haut niveau jouant dans le monde du \u00ab sport spectacle \u00bb tout en maintenant une politique sportive populaire, bas\u00e9e sur la formation des jeunes, le lien avec la ville et ses habitants (et pas n\u00e9cessairement uniquement le \u00ab mundillo \u00bb local). Pour cela, il est n\u00e9cessaire d\u2019avoir \u00e0 c\u00f4t\u00e9 des investisseurs priv\u00e9s, une v\u00e9ritable politique publique du sport et ce n\u2019est pas le cas \u00e0 N\u00eemes.&nbsp;<\/p>\n\n\n\n<p>Hier, si les clubs de supporters ont \u00e9t\u00e9 parfaitement dans leurs r\u00f4les, j\u2019avoue avoir \u00e9t\u00e9 assez surpris des larmes, des mots et du ton du discours du maire qui semble maintenant dire clairement qu\u2019il y a un probl\u00e8me et qui d\u2019apr\u00e8s ce qu\u2019on peut lire chercherait une solution pour le devenir du club. Bien s\u00fbr chacun a en t\u00eate que c\u2019est bien la majorit\u00e9 municipale qui jusqu\u2019ici a non seulement laiss\u00e9 se d\u00e9grader le stade municipal des Costieres et a fait le choix de le vendre en validant des deux mains le projet du pr\u00e9sident de N\u00eemes Olympique. Nous avions alert\u00e9 d\u00e8s l\u2019\u00e9t\u00e9 2019 en ne votant pas la vente en Conseil municipal, puis en demandant \u00e0 deux reprises (mars 2020 et juin 2021) un conseil municipal extraordinaire sur le devenir d\u2019un club dont l\u2019importance \u00e0 N\u00eemes d\u00e9passe le sportif. A chaque fois, nous avons re\u00e7u une fin de non-recevoir. Mon micro fut m\u00eame brutalement coup\u00e9 lors du Conseil de juillet dernier quand j\u2019essayais d\u2019aborder le sujet. Malgr\u00e9 ma demande je n\u2019ai pas eu acc\u00e8s au compromis de vente. Difficile a \u00e9t\u00e9 la t\u00e2che de conna\u00eetre avec d\u00e9tail l\u2019ensemble du projet immobilier pr\u00e9vu sur l\u2019emplacement actuel du stade . Et il y a quelques semaines encore, le maire, en tribune \u00e0 c\u00f4t\u00e9 de Rani Assaf r\u00e9pondait que nous disions n\u2019importe quoi quand nous soulevions un certain nombre de probl\u00e8mes ou de questions\u2026&nbsp;<\/p>\n\n\n\n<p>Je ne veux pas ici pol\u00e9miquer et j\u2019esp\u00e8re qu\u2019une issue positive sera trouv\u00e9e pour le club, ses supporters et la ville. J\u2019esp\u00e8re qu\u2019il n\u2019est pas trop tard. Dans tous les cas, l\u2019affaire est depuis le d\u00e9but tr\u00e8s mal men\u00e9e et la majorit\u00e9 aura organis\u00e9 sa propre impuissance. En r\u00e9alit\u00e9, au del\u00e0 de ce cas particulier, on \u00ab paye \u00bb la philosophie politique assum\u00e9e de la majorit\u00e9 municipale\u2026 celle d\u2019une ville rendue incapable de mener une politique publique, faisant une confiance aveugle et de beaux cadeaux \u00e0 de gros investisseurs priv\u00e9s qui finissent par faire main basse sur la ville. \u00c0 N\u00eemes, on d\u00e9legue le service public, on privatise, on vend\u2026 et on voit apr\u00e8s. Et des fois, il ne reste que les yeux pour pleurer.&nbsp;<\/p>\n\n\n\n<p>Pourtant, malgr\u00e9 tout, si nous pouvons \u00eatre utiles pour apporter notre contribution, nous le ferons avec s\u00e9rieux.<\/p>\n\n\n\n<p><\/p>\n\n\n\n<p><\/p>\n\n\n\n<figure class=\"wp-block-image size-full\"><img loading=\"lazy\" decoding=\"async\" width=\"816\" height=\"707\" src=\"http:\/\/vincentbouget.com\/wp-content\/uploads\/2023\/10\/1-photo.png\" alt=\"\" class=\"wp-image-637\" srcset=\"https:\/\/vincentbouget.com\/wp-content\/uploads\/2023\/10\/1-photo.png 816w, https:\/\/vincentbouget.com\/wp-content\/uploads\/2023\/10\/1-photo-300x260.png 300w, https:\/\/vincentbouget.com\/wp-content\/uploads\/2023\/10\/1-photo-768x665.png 768w, https:\/\/vincentbouget.com\/wp-content\/uploads\/2023\/10\/1-photo-104x90.png 104w\" sizes=\"auto, (max-width: 816px) 100vw, 816px\" \/><\/figure>\n\n\n\n<p><a href=\"https:\/\/www.midilibre.fr\/2021\/10\/20\/nimes-lopposition-de-gauche-emet-des-reserves-sur-le-projet-des-costieres-et-tacle-la-majorite-9864871.php\">https:\/\/www.midilibre.fr\/2021\/10\/20\/nimes-lopposition-de-gauche-emet-des-reserves-sur-le-projet-des-costieres-et-tacle-la-majorite-9864871.php<\/a><\/p>\n\n\n\n<p><\/p>\n\n\n\n<p><\/p>\n\n\n\n<p><strong>Octobre 2021 &#8211; Stade&nbsp; nouveau quartier &#8211; Halle des sports Contribution du groupe Nimes Citoyenne \u00e0 Gauche \u00e0 la concertation publique<\/strong><\/p>\n\n\n\n<ul class=\"wp-block-list\">\n<li><strong>Les raisons&nbsp;<\/strong><\/li>\n\n\n\n<li>Evolution du football professionnel. Crise des droits t\u00e9l\u00e9. Besoin pour les clubs professionnels de d\u00e9gager des revenus propres avec des activit\u00e9s annexes. Besoin de partenariats (mais pourquoi n\u2019y en a-t-il pas beaucoup aujourd\u2019hui). Football spectacle comme dit JJ Bourdin.&nbsp;<\/li>\n<\/ul>\n\n\n\n<p>Rani Assaf prend cette voie, avec une rupture avec la formation. Ce n\u2019est pas forc\u00e9ment la n\u00f4tre.&nbsp;<\/p>\n\n\n\n<ul class=\"wp-block-list\">\n<li>Manque d\u2019entretien criant du stade des Costi\u00e8res depuis 20 ans. Il est anormal de voir un \u00e9quipement public de 30 ans s\u2019\u00eatre d\u00e9grad\u00e9 de la sorte.&nbsp;<\/li>\n<\/ul>\n\n\n\n<ul class=\"wp-block-list\">\n<li><strong>La v\u00e9ritable gen\u00e8se&nbsp;: Assaf a bluff\u00e9 la municipalit\u00e9 pendant la pr\u00e9-campagne municipale en faisant croire\/laissant croire qu\u2019il allait construire un stade ailleurs, en lien avec l\u2019ancien pr\u00e9sident de N\u00eemes M\u00e9tropole (cons\u00e9quence de la guerre Lachaud\/Fournier)<\/strong>. Rani Assaf l\u2019a clairement dit lors de l\u2019atelier de concertation du 12.10.2021. Or l\u2019achat et la construction stade en p\u00e9riph\u00e9rie n\u2019\u00e9tait pas rentable (dixit Rani Assaf). La municipalit\u00e9 a pris peur et s\u2019est finalement couch\u00e9e, en choisissant une nouvelle fois privatiser l\u2019espace public, un \u00e9quipement public\u2026<\/li>\n\n\n\n<li>A aucun moment ne nous est parvenu un chiffrage des travaux du stade, un autre sc\u00e9nario permettant de garder une ma\u00eetrise publique du stade. Les chiffres annonc\u00e9s pour la r\u00e9novation sont tr\u00e8s hauts par rapport aux r\u00e9novations de stade.&nbsp;<\/li>\n<\/ul>\n\n\n\n<ul class=\"wp-block-list\">\n<li><strong>Le projet urbain a des aspects s\u00e9duisants&nbsp;: reconstruction de la ville sur elle-m\u00eame et densification douce.&nbsp; Mais il pose de vraies questions de fond. Voil\u00e0 ce que nous pouvons dire \u00e0 l\u2019issue des r\u00e9unions de concertation.&nbsp;<\/strong><\/li>\n<\/ul>\n\n\n\n<ul class=\"wp-block-list\">\n<li>C\u2019est bel et bien un quartier priv\u00e9 (s\u00e9curit\u00e9, gestion des parkings payants\u2026) dont l\u2019\u00e9quilibre financier doit beaucoup \u00e0 son emplacement et aux \u00e9quipements publics (de transport) pr\u00e9sents. Rente de situation qui vaut bien plus que le prix de vente du stade actuel (8 millions). La collectivit\u00e9 qui vend n\u2019a pas son mot \u00e0 dire sur le projet (et d\u2019ailleurs elle ne dit rien)<\/li>\n\n\n\n<li>Le quartier est assez repli\u00e9 sur lui-m\u00eame. Il vit pour lui-m\u00eame. Peu d\u2019interaction avec l\u2019environnement ext\u00e9rieur.&nbsp;<\/li>\n\n\n\n<li>C\u2019est un quartier haut de gamme. Il nous a \u00e9t\u00e9 dit qu\u2019il n\u2019y avait pas de logements sociaux pr\u00e9vus. La mixit\u00e9 annonc\u00e9e n\u2019est pas sociale mais seulement interg\u00e9n\u00e9rationnelle.&nbsp;<\/li>\n\n\n\n<li>Il y a un risque r\u00e9el pour activit\u00e9s \u00e9conomiques du centre-ville car plut\u00f4t on peut penser que c\u2019est plut\u00f4t un d\u00e9placement des activit\u00e9s que l\u2019arriv\u00e9e ou l\u2019installation de nouvelles. Aucun audit n\u2019a \u00e9t\u00e9 fait sur l\u2019impact sur les commerces existants aux alentours et au centre-ville (alors que le maire s\u2019\u00e9tait engag\u00e9 \u00e0 ne pas le fragiliser). On annonce la cr\u00e9ation de 1000 emplois, c\u2019est peut-\u00eatre juste le d\u00e9placement de 1000 emplois \u00e0 l\u2019int\u00e9rieur de la ville (ou de l\u2019agglo).&nbsp;<\/li>\n\n\n\n<li>L\u2019utilisation du terme \u00ab&nbsp;\u00e9co-quartier&nbsp;\u00bb, qui est un des arguments importants, a \u00e9t\u00e9 relev\u00e9 comme \u00e9tant abusive par les garantes de la concertation.&nbsp;<\/li>\n<\/ul>\n\n\n\n<ul class=\"wp-block-list\">\n<li><strong>Nouveau Stade&nbsp;:&nbsp;<\/strong><\/li>\n<\/ul>\n\n\n\n<ul class=\"wp-block-list\">\n<li>Des interrogations sur viabilit\u00e9 \u00e9conomique des ressources annexes destin\u00e9es au club. Quelle pratique nouvelle pour les supporters de N\u00eemes Olympique&nbsp;? Quelle fr\u00e9quentation&nbsp;?&nbsp;<\/li>\n\n\n\n<li>La capacit\u00e9 pose toujours probl\u00e8me\u2026 La capacit\u00e9 est calcul\u00e9e en fonction des contraintes techniques et financi\u00e8res.&nbsp;<\/li>\n\n\n\n<li>Les parkings seront g\u00e9r\u00e9s par la soci\u00e9t\u00e9 NEMAU\u2026 payants&nbsp;?<\/li>\n\n\n\n<li>La ville se prive d\u2019un outil municipal pour accueillir d\u2019autres manifestations (rugby par exemple)<\/li>\n<\/ul>\n\n\n\n<ul class=\"wp-block-list\">\n<li><strong>Le stade provisoire et la Halle des sports (projet s\u00e9duisant et sans doute plus confortable que les salles actuelles des Costi\u00e8res mais\u2026)<\/strong>&nbsp;:&nbsp;<\/li>\n<\/ul>\n\n\n\n<ul class=\"wp-block-list\">\n<li>Malgr\u00e9 la rumeur, le stade provisoire resterait provisoire comme l\u2019a clairement dit le 1er adjoint. Mais peut-il dire autre chose quand on sait que le permis n\u2019est que provisoire. Il ne serait pourtant pas absurde de r\u00e9cup\u00e9rer cet \u00e9quipement.&nbsp;<\/li>\n\n\n\n<li>V\u00e9ritable probl\u00e8me d\u2019accessibilit\u00e9 et de stationnement<\/li>\n<\/ul>\n\n\n\n<p>Aucune vision en termes de mobilit\u00e9s et de transports de la part de la Ville et de l\u2019Agglo&nbsp;: \u00ab on verra apr\u00e8s&nbsp;\u00bb. La T1 se retrouve bien loin\u2026 On pose donc un \u00e9quipement et on pense aux r\u00e9seaux ensuite (c\u2019est souvent le cas avec la municipalit\u00e9&nbsp;: cf V\u00e9delin, Mas Lombard\u2026)<\/p>\n\n\n\n<p>Fort risque de perturbation les jours de matchs en pleine zone commerciale (il y a des matchs le samedi apr\u00e8s-midi parfois). Le pont de la route de G\u00e9n\u00e9rac sous-dimensionn\u00e9, le parking pr\u00e9vu est sous-dimensionn\u00e9 malgr\u00e9 une volont\u00e9 de passer un accord avec Cap Costi\u00e8res (qui rappelons le ferme \u00e0 21 heures)<\/p>\n\n\n\n<ul class=\"wp-block-list\">\n<li><strong>En r\u00e9alit\u00e9, il n\u2019y a pas de lien avec le nouveau stade et son quartier avec la coupure de l\u2019autoroute. La disparition du tunnel pr\u00e9vu dans le projet initial et l\u2019absence de pont au-dessus de l\u2019autoroute font qu\u2019il n\u2019y plus d\u2019articulation entre les deux sites. En fait ce sont des espaces s\u00e9par\u00e9s\u2026 pourquoi alors avoir maintenu la Halle des Sports sur cet espace&nbsp;?&nbsp;<\/strong><\/li>\n<\/ul>\n\n\n\n<ul class=\"wp-block-list\">\n<li><strong>Espace cr\u00e9ation<\/strong>&nbsp;: il faut r\u00e9gler la cohabitation avec ateliers de l\u2019ESBAN, qui soit dit en passant attendait depuis longtemps qu\u2019il y ait des travaux sur l\u2019espace\u2026<\/li>\n<\/ul>\n\n\n\n<ul class=\"wp-block-list\">\n<li><strong>La concertation&nbsp;a le m\u00e9rite d\u2019exister mais plus qu\u2019une concertation associant les avis des uns et des autres, cela a \u00e9t\u00e9 plut\u00f4t un jeu de questions-r\u00e9ponses, le projet \u00e9tant d\u00e9j\u00e0 bien ficel\u00e9.<\/strong> La participation a \u00e9t\u00e9 faible car sans doute pas vraiment voulue&nbsp;:&nbsp; lieu excentr\u00e9, manque de communication\u2026 Dommage, car c\u2019est un gros dossier pour la ville et qui concerne toute la ville dans toutes ses dimensions.&nbsp;<\/li>\n<\/ul>\n\n\n\n<p><strong>En r\u00e9sum\u00e9,&nbsp;<\/strong><\/p>\n\n\n\n<ul class=\"wp-block-list\">\n<li><strong>Un quartier priv\u00e9 que la collectivit\u00e9 devra g\u00e9rer d\u2019une mani\u00e8re ou d\u2019une autre, aucune vision de l\u2019\u00e9quipe municipale, qui apr\u00e8s avoir brad\u00e9 le stade des Costi\u00e8res a fait partiellement et dans l\u2019urgence face \u00e0 ce poker menteur du pr\u00e9sident de N\u00eemes olympique. Les absents et peut-\u00eatre les perdants sont les N\u00eemois \u00e0 qui l\u2019on ne montre pas tout et notamment le projet immobilier dans toutes ses dimensions.&nbsp;<\/strong><\/li>\n\n\n\n<li><strong>Un projet important mais finalement pas pens\u00e9 dans son ensemble.&nbsp;<\/strong><\/li>\n\n\n\n<li><strong>Un stade priv\u00e9 qui ne se remplira pas seulement parce qu\u2019il y a des restaurants mais parce qu\u2019il y a un projet sportif dans le club, projet sportif que l\u2019on est bien en peine de voir aujourd\u2019hui. &nbsp;<\/strong><\/li>\n<\/ul>\n\n\n\n<p><\/p>\n\n\n\n<p><\/p>\n\n\n\n<p><\/p>\n\n\n\n<p><strong>27 aout 2021 &#8211; Lettre \u00e0 Rani Assaf de la part des \u00e9lus membres du groupe <em>N\u00eemes Citoyenne \u00c0 Gauche<\/em><\/strong><\/p>\n\n\n\n<p>Lettre \u00e0 Rani ASSAF &nbsp; &nbsp; &nbsp; &nbsp; &nbsp; &nbsp; &nbsp; &nbsp; &nbsp; &nbsp; &nbsp; &nbsp; &nbsp; &nbsp; &nbsp; &nbsp; &nbsp; &nbsp; &nbsp; &nbsp; &nbsp; &nbsp; &nbsp; &nbsp; &nbsp; &nbsp; &nbsp; &nbsp; &nbsp; &nbsp; &nbsp; &nbsp; &nbsp; &nbsp; &nbsp; &nbsp; &nbsp; &nbsp; &nbsp; &nbsp; &nbsp; &nbsp; &nbsp; &nbsp; &nbsp; &nbsp; &nbsp; &nbsp; &nbsp; &nbsp; &nbsp; &nbsp; &nbsp; &nbsp; &nbsp; &nbsp; &nbsp; &nbsp; &nbsp; &nbsp; &nbsp; &nbsp; <\/p>\n\n\n\n<p>Pr\u00e9sident de N\u00eemes Olympique<\/p>\n\n\n\n<p>Monsieur le pr\u00e9sident,&nbsp;<\/p>\n\n\n\n<p>Nous voulons vous interpeler sur la tarification que vous avez mis en place cette saison pour les matchs au stade des Costi\u00e8res.<\/p>\n\n\n\n<p>Cette d\u00e9cision soul\u00e8ve l\u2019incompr\u00e9hension et la col\u00e8re, chez les groupes de supporters, mais aussi bien au-del\u00e0, chez une bonne partie de celles et ceux qui avaient l\u2019habitude de venir supporter le N\u00eemes Olympique. Cette incompr\u00e9hension et cette col\u00e8re sont justifi\u00e9es au regard du comparatif avec les autres clubs de Ligue 2, N\u00eemes \u00e9tant l\u2019un des stades les plus chers du championnat. Il est m\u00eame plus cher que certains stades de Ligue 1. Incompr\u00e9hension, col\u00e8re et d\u00e9ception pour un public populaire, fid\u00e8le et passionn\u00e9, qui se faisait une joie de retrouver le chemin des Costi\u00e8res apr\u00e8s de longs mois d\u2019huis-clos. Apr\u00e8s la suppression de la tarification pour les familles (demi-tarifs pour les enfants\u2026) il y a quelques ann\u00e9es, vous supprimez les abonnements et appliquez un tarif \u00e9lev\u00e9 notamment en Tribune Est, ce qui \u00e9carte m\u00e9caniquement celles et ceux pour qui cette tribune est le seul moyen financi\u00e8rement accessible pour voir les matchs et supporter l\u2019\u00e9quipe.&nbsp;<\/p>\n\n\n\n<p>Vous \u00eates en conflit avec les groupes de supporters. Vous semblez vouloir les \u00e9carter. Mais ces mesures successives sont de nature \u00e0 priver l\u2019\u00e9quipe d\u2019encouragement, et vous p\u00e9nalisez aussi tous les autres N\u00eemois qui ne peuvent se permettre de venir au stade \u00e0 ce prix y compris dans les autres tribunes \u00e9galement ch\u00e8res. Pour preuve : 3500 personnes en deux matchs dont un match de gala entre deux ex-pensionnaires de ligue 1. Jamais nous n\u2019avions connu une si faible affluence.&nbsp;<\/p>\n\n\n\n<p>Lors de notre entretien, il y a quelques temps, vous avez notamment \u00e9voqu\u00e9 la relative bonne sant\u00e9 financi\u00e8re du club et un passage serein \u00e0 la DNCG. D\u2019autant plus que la vente de certains joueurs a d\u00fb profiter au club. Pourquoi aujourd\u2019hui imposer une telle tarification aux supporters&nbsp;? Pourquoi maintenir un climat de tension&nbsp;?&nbsp;<\/p>\n\n\n\n<p>N\u00eemes Olympique est un des \u00e9l\u00e9ments f\u00e9d\u00e9rateurs de la ville, il fait partie de son patrimoine. C\u2019est un club populaire. Son avenir ne peut s\u2019\u00e9crire sans tenir compte de cette r\u00e9alit\u00e9.&nbsp;<\/p>\n\n\n\n<p>Nous croyons encore que le bon sens l\u2019emportera et nous insistons pour que la grille tarifaire soit revue afin de permettre tous de venir au stade. Un stade plus garni, plus joyeux pour supporter l\u2019\u00e9quipe qui fait un bon d\u00e9but de championnat.&nbsp;<\/p>\n\n\n\n<p>Dans l\u2019attente, recevez M. le Pr\u00e9sident, nos cordiales salutations<\/p>\n\n\n\n<p>Le groupe des \u00e9lus de N\u00eemes Citoyenne \u00e0 Gauche<\/p>\n\n\n\n<p><\/p>\n\n\n\n<p><\/p>\n\n\n\n<p><strong>7 juin 2021 &#8211; D\u00e9claration de Vincent Bouget<\/strong><\/p>\n\n\n\n<p>&nbsp;Apr\u00e8s la rencontre avec Rani Assaf\u2026 (C\u2019est un peu long, mais c\u2019est encore un r\u00e9sum\u00e9. Une proposition est faite \u00e0 la fin).&nbsp;<\/p>\n\n\n\n<p>D\u2019abord, et contrairement \u00e0 ce qui a \u00e9t\u00e9 dit ici ou l\u00e0, je ne me suis jamais pos\u00e9 en d\u00e9cideur dans la crise de Nimes Olympique. Nous avons simplement jou\u00e9 notre r\u00f4le d\u2019\u00e9lu d\u2019opposition pour tenter de faire de la transparence sur le dossier du projet immobilier\/stade. Sur ce point je veux rappeler que nous avons \u00e9t\u00e9 les seuls \u00e0 poser des r\u00e9serves d\u00e8s le d\u00e9but du processus n\u2019ayant que peu d\u2019\u00e9l\u00e9ments en main. En Juillet 2019, les \u00e9lus de gauche \u00e0 la ville n\u2019avaient ainsi pas pris part au vote pour le compromis de vente du stade. A deux reprises, en mars 2020 et il y a quelques jours j\u2019ai demand\u00e9 \u00e0 ce que la majorit\u00e9 municipale fasse la transparence sur le dossier\u2026 en vain. De m\u00eame la responsabilit\u00e9 de la Ville est engag\u00e9e dans la d\u00e9gradation \u00e0 cause du manque d\u2019entretien des Costieres (m\u00eame si sans doute ce stade \u00e9tait mal con\u00e7u d\u00e8s l\u2019origine)<\/p>\n\n\n\n<p>Quant \u00e0 la question de la formation, j\u2019ai dit et rappel\u00e9 jusque devant Rani Assaf qu\u2019elle \u00e9tait un \u00e9l\u00e9ment constitutif du club, et qu\u2019il nous paraissait \u00e9conomiquement qu\u2019elle \u00e9tait rentable. J\u2019ai soutenu publiquement depuis le d\u00e9but de l\u2019histoire les efforts de l\u2019association pour maintenir un centre de formation agr\u00e9\u00e9. C\u2019est aussi le message que nous avons tenu aupr\u00e8s du d\u00e9partement et de la r\u00e9gion Occitanie pour qu\u2019ils puissent aider financi\u00e8rement si besoin.&nbsp;<\/p>\n\n\n\n<p>Mais effectivement je ne suis pas d\u00e9cideur. Et j\u2019ai r\u00e9pondu aux sollicitations de la presse, sans m\u2019imposer sur les plateaux ni dans les colonnes.&nbsp;<\/p>\n\n\n\n<p>Sur les dossiers, que dire pour ne pas \u00eatre trop long\u2026&nbsp;<\/p>\n\n\n\n<p>&#8211; le projet immobilier me semble tr\u00e8s ficel\u00e9. Si nous n\u2019avons pas pu acc\u00e9der au compromis de vente, il semble que la Ville se soit tr\u00e8s engag\u00e9e dans la vente sans plus de garanties par rapport notamment au projet sportif. L\u2019avancement du projet Halles des Sports comme celui du stade provisoire le confirment. Il aurait sans doute \u00e9t\u00e9 utile d\u2019en faire un d\u00e9bat public avant de signer le compromis de vente. Mais la gu\u00e9guerre pr\u00e9-\u00e9lection municipale entre le maire et l\u2019ancien pr\u00e9sident de l\u2019Agglo a tout pr\u00e9cipit\u00e9. Il faut maintenant r\u00e9fl\u00e9chir \u00e0 la p\u00e9rennisation du stade provisoire achet\u00e9 par Rani Assaf mais qui serait peut-\u00eatre pertinent de \u00ab municipaliser \u00bb par la suite.&nbsp;<\/p>\n\n\n\n<p>&#8211; le projet en lui-m\u00eame n\u2019est pas inint\u00e9ressant et il semble que le bail commercial donn\u00e9 \u00e0 N\u00eemes Olympique pour la location du stade et les activit\u00e9s \u00e9conomiques qui auront lieu dedans s\u00e9curisent le club. Le probl\u00e8me reste un probl\u00e8me de fond, l\u2019am\u00e9nagement d\u2019un quartier par un priv\u00e9, et le changement de mod\u00e8le \u00e9conomique du club de foot.&nbsp;<\/p>\n\n\n\n<p>&#8211; sur la question de la formation, il y a un vrai d\u00e9bat et je ne suis pas du tout convaincu par la d\u00e9monstration de Rani Assaf. \u00c9conomiquement comme sportivement, la perte de l\u2019agr\u00e9ment pour le centre de formation ne se justifie pas.&nbsp; C\u2019est le choix du pr\u00e9sident du Nimes Olympique qui de ce fait, transforme compl\u00e8tement le mod\u00e8le sportif du club, pour le faire rentrer dans un nouveau mod\u00e8le qui s\u2019inscrit dans un futur hypoth\u00e9tique de ligue ferm\u00e9e. Mais il est \u00e9vident qu\u2019il n\u2019y a pas ici de projet sportif. Et c\u2019est bien \u00e7a le probl\u00e8me. Nous avions d\u00e9j\u00e0 des \u00e9l\u00e9ments dans la tr\u00e8s faible structuration du club depuis 3 ans qu\u2019il est en ligue 1 (il n\u2019y a que 6 salari\u00e9s je crois, c\u2019est m\u00eame moins qu\u2019au moment de la mont\u00e9e). Un club de foot n\u2019est pas une entreprise industrielle comme une autre, et le Nimes Olympique de par son inscriptions dans la ville, l\u2019est encore moins. J\u2019avais dit sur un plateau qu\u2019on pouvait faire Nimes Olympique sans Nimes Olympique, c\u2019est malheureusement le chemin que l\u2019on semble prendre. Mais peut \u00eatre est ce le futur mod\u00e8le des clubs professionnels\u2026&nbsp;<\/p>\n\n\n\n<p>Alors que faire ?&nbsp;<\/p>\n\n\n\n<p>M. Assaf n\u2019a visiblement pas l\u2019intention de quitter la pr\u00e9sidence. Il veut mener son projet \u00e0 bien. L\u2019intention affich\u00e9e est de cr\u00e9er quelque chose de nouveau permettant \u00e0 un club pro de p\u00e9renniser des moyens financiers pour le rendre autonome. C\u2019est sa parole, mais rien ne garantit qu\u2019il n\u2019y a pas d\u2019autres intentions. Actionnaire majoritaire, avec des engagements de la ville sur son projet, il est en position de force. Des repreneurs potentiels et possibles ? Je ne sais pas.&nbsp;<\/p>\n\n\n\n<p>M. Assaf nous a dit de fa\u00e7on assez \u00e9tonnante qu\u2019il pensait que le syst\u00e8me politique majoritaire n\u2019\u00e9tait pas bon et qu\u2019il fallait en d\u00e9mocratie travailler \u00e0 des compromis. Chiche. Il faut maintenant que l\u2019ensemble des acteurs, chacun dans ses pr\u00e9rogatives arrive \u00e0 se mettre autour de la table pour dire ses intentions pour le club, et que les chiffres li\u00e9s \u00e0 la formation soit publiquement expos\u00e9s. M.Assaf se trompe quand il pense qu\u2019il peut mener \u00e0 bien son projet en se mettant beaucoup de monde \u00e0 dos. Il doit revenir sur ce point. La ville ne peut se contenter de ne s\u2019int\u00e9resser qu\u2019aux questions immobili\u00e8res. Les autres collectivit\u00e9s (d\u00e9partement et r\u00e9gion) doivent aussi \u00eatre partie prenante. Des partenaires priv\u00e9s peuvent aussi \u00eatre sollicit\u00e9s. L\u2019association, \u00e0 qui nous allons demander une rencontre, doit pouvoir d\u00e9fendre son projet sportif, la loi impose qu\u2019elle puisse le faire. Les supporters, sans qui le club n\u2019existe pas vraiment, doivent \u00eatre associ\u00e9s. Dans l\u2019int\u00e9r\u00eat de tous, sortons des passages en force et des coups de bluff, des gesticulations m\u00e9diatiques.&nbsp;<\/p>\n\n\n\n<p>Alors sans pouvoir particulier et avec les \u00e9l\u00e9ments que nous avons pu obtenir (mais nous ne savons peut-\u00eatre pas tout), voil\u00e0 notre contribution au d\u00e9bat et notre proposition.<\/p>\n\n\n\n<p><\/p>\n\n\n\n<p><\/p>\n\n\n\n<figure class=\"wp-block-image size-full\"><img loading=\"lazy\" decoding=\"async\" width=\"916\" height=\"689\" src=\"http:\/\/vincentbouget.com\/wp-content\/uploads\/2023\/10\/FB2-2.png\" alt=\"\" class=\"wp-image-640\" srcset=\"https:\/\/vincentbouget.com\/wp-content\/uploads\/2023\/10\/FB2-2.png 916w, https:\/\/vincentbouget.com\/wp-content\/uploads\/2023\/10\/FB2-2-300x226.png 300w, https:\/\/vincentbouget.com\/wp-content\/uploads\/2023\/10\/FB2-2-768x578.png 768w, https:\/\/vincentbouget.com\/wp-content\/uploads\/2023\/10\/FB2-2-120x90.png 120w\" sizes=\"auto, (max-width: 916px) 100vw, 916px\" \/><\/figure>\n\n\n\n<p><a href=\"https:\/\/www.francebleu.fr\/sports\/football\/vincent-bouget-demande-un-conseil-municipal-extraordinaire-sur-la-situation-du-nimes-olympique-1621506494\">https:\/\/www.francebleu.fr\/sports\/football\/vincent-bouget-demande-un-conseil-municipal-extraordinaire-sur-la-situation-du-nimes-olympique-1621506494<\/a><\/p>\n\n\n\n<p><\/p>\n\n\n\n<p><\/p>\n\n\n\n<p><strong>20 mai 2021 &#8211; Lettre au Maire de N\u00eemes, de la part de Vincent Bouget, au nom des \u00e9lus membres du groupe<em> N\u00eemes Citoyenne \u00c0 Gauche<\/em><\/strong><\/p>\n\n\n\n<p>Lettre au maire de N\u00eemes<\/p>\n\n\n\n<p>Monsieur le Maire,&nbsp;<\/p>\n\n\n\n<p>La situation de crise actuelle au N\u00eemes Olympique inqui\u00e8te beaucoup de N\u00eemois. Alors que vous avez d\u00e9cid\u00e9 de la vente du stade des Costi\u00e8res \u00e0 la soci\u00e9t\u00e9 NEMAU, c\u2019est maintenant le centre de formation du club qui est menac\u00e9. Apr\u00e8s avoir d\u00e9clar\u00e9 vouloir&nbsp; fermer le centre, le pr\u00e9sident du N\u00eemes Olympique Rani Assaf semble vouloir prendre le contr\u00f4le de l\u2019Association laquelle&nbsp; avait dit sa volont\u00e9 de continuer \u00e0 faire vivre la formation, obtenant des soutiens nombreux, des supporters et de collectivit\u00e9s. D\u2019apr\u00e8s les m\u00e9dias, vous \u00eates intervenu directement dans ce conflit.&nbsp;<\/p>\n\n\n\n<p>Le N\u00eemes Olympique, club populaire, est une composante essentielle du patrimoine des N\u00eemois, de l\u2019identit\u00e9 de la ville. Sa bonne sant\u00e9 est un \u00e9l\u00e9ment important pour la vie de notre cit\u00e9.&nbsp; Son centre de formation a \u00e9t\u00e9 un \u00e9l\u00e9ment essentiel de son histoire, y compris de son histoire r\u00e9cente. Il est aussi l\u2019outil qui lie le club au tissu sportif local.&nbsp;<\/p>\n\n\n\n<p>Dans l\u2019int\u00e9r\u00eat collectif, dans l\u2019int\u00e9r\u00eat de tous les N\u00eemois, toute la transparence doit \u00eatre faite sur cette situation. Quel projet sportif se dessine pour le N\u00eemes Olympique aujourd\u2019hui&nbsp;? Quel avenir pour le centre de formation&nbsp;? Quelles garanties pour le club dans le dispositif voulu par le pr\u00e9sident\u2026&nbsp;? La repr\u00e9sentation municipale dans son ensemble ne peut \u00eatre tenue \u00e0 l\u2019\u00e9cart et doit \u00eatre inform\u00e9e et consult\u00e9e.<\/p>\n\n\n\n<p>&nbsp;En cons\u00e9quence, nous vous demandons la tenue d\u2019un conseil municipal exceptionnel, portant exclusivement sur cette question. Au vu de l\u2019urgence de la situation, nous demandons qu\u2019il soit r\u00e9uni tr\u00e8s rapidement, dans les prochains jours, et nous esp\u00e9rons une r\u00e9ponse par retour de courrier.&nbsp;<\/p>\n\n\n\n<p>Pour le groupe Nimes Citoyenne \u00e0 Gauche, Vincent Bouget<\/p>\n\n\n\n<p><\/p>\n\n\n\n<p><\/p>\n\n\n\n<p><strong>10 mai 2021 &#8211; D\u00e9claration de Vincent Bouget<\/strong><\/p>\n\n\n\n<p>Le N\u00eemes Olympique \u00e0 la crois\u00e9e des chemins ?&nbsp;<\/p>\n\n\n\n<p>On peut regretter bien s\u00fbr qu\u2019alors que l\u2019\u00e9quipe premi\u00e8re joue sa survie en Ligue 1, se soit ouverte une pol\u00e9mique (de plus) sur la question du centre de formation du club. Le pr\u00e9sident a dit son intention de ne plus le financer, pour des raisons \u00e9conomiques. Le centre \u00ab co\u00fbte \u00bb au club 1,5 million d\u2019euros par an. La mauvaise histoire Mediapro et des droits \u00ab t\u00e9l\u00e9 \u00bb et la crise sanitaire aurait fait un trou de 16 millions dans les caisses cette ann\u00e9e&#8230; Pourtant, cela fait longtemps que le pr\u00e9sident Assaf a dit son interrogation sur l\u2019utilit\u00e9 d\u2019un centre de formation, pr\u00e9f\u00e9rant clairement le mod\u00e8le \u00e9conomique et sportif du \u00ab trading \u00bb (achat\/vente de joueurs avec la volont\u00e9 de faire du b\u00e9n\u00e9fice) et celui de profits g\u00e9n\u00e9r\u00e9s par des activit\u00e9s ext\u00e9rieures (ici le nouveau stade et son quartier) pour offrir un spectacle de qualit\u00e9&#8230;&nbsp;<\/p>\n\n\n\n<p>On voit bien aujourd\u2019hui que le monde du foot pro encourage en partie cette \u00e9volution. Et on peut comprendre les raisons \u00e9conomiques et financi\u00e8res du pr\u00e9sident Assaf, en esp\u00e9rant qu\u2019elles soient aussi motiv\u00e9es par des objectifs sportifs (mais on peut aussi en douter). Pourtant&#8230; on ne peut pas s\u2019en satisfaire.&nbsp;<\/p>\n\n\n\n<p>D\u2019abord parce que le centre de formation est de fait l\u2019identit\u00e9 du club, qui a construit les plus belles pages de son histoire avec des joueurs form\u00e9s au club, comme le montre la derni\u00e8re p\u00e9riode. Et s\u2019il en \u00ab co\u00fbte \u00bb 1,5 millions par an&#8230; cela n\u2019est rien par rapport aux gains sportifs et financiers quand les joueurs du centre finissent par jouer en premi\u00e8re. Le centre c\u2019est aussi le lien avec le football amateur local. Il lie le foot pro au foot amateur, et cela devient ici presque un sujet politique. \u00c0 N\u00eemes, le foot est populaire, les supporters n\u2019attendent pas de stars, mais se r\u00e9galent quand un groupe de gamins form\u00e9s au club, arrive \u00e0 rivaliser avec les plus gros clubs. Il est \u00e9vident qu\u2019aujourd\u2019hui, le centre ne doit pas fermer et tant mieux si la municipalit\u00e9, comme d\u2019autres, r\u00e9agit.&nbsp;<\/p>\n\n\n\n<p>Mais peut \u00eatre il aurait fallu r\u00e9agir avant&#8230; car le sujet a \u00e9t\u00e9 mis sur la table par le pr\u00e9sident Assaf depuis longtemps&#8230;. comme on aurait aim\u00e9 voir quelles garanties, quels garde-fous \u00e9taient clairement mis avant la vente du stade pour le projet immobilier&#8230; visiblement il n\u2019y en a pas&#8230; Assaf veut avoir les mains libres, le mod\u00e8le du foot pro aujourd\u2019hui peut lui donner raison&#8230; mais les supporters comme leurs repr\u00e9sentants \u00e9lus doivent avoir leur mot \u00e0 dire sur des sujets majeurs touchant \u00e0 leur territoire, et ils ne peuvent donner les clefs sans droit de regard. Sinon, le projet n\u2019est plus un projet sportif mais uniquement \u00e9conomique et financier. J\u2019esp\u00e8re qu\u2019il n\u2019est pas trop tard. Je demande que la ville de N\u00eemes fasse toute la transparence sur les dossiers en cours, le centre de formation, le projet du stade.<\/p>\n\n\n\n<p><\/p>\n\n\n\n<p><\/p>\n\n\n\n<p><strong>20 avril 2021 &#8211; D\u00e9claration de Vincent Bouget<\/strong><\/p>\n\n\n\n<p>Quand l\u2019argent tue le foot&#8230;<\/p>\n\n\n\n<p>Projet de Super League annonc\u00e9, dans lequel 12 clubs parmi les plus riches d\u2019Europe aspirent \u00e0 se retrouver entre eux. Comp\u00e9tition s\u00e9lect pour g\u00e9n\u00e9rer plus d\u2019argent, droits t\u00e9l\u00e9s, sponsoring. Concentration des richesses, concentration du pouvoir. On peut imaginer que pour les autres clubs, c\u2019est le fameux ruissellement qui sera promis&#8230; L\u2019\u00e9lite de l\u2019\u00e9lite d\u2019un sport qui finalement s\u2019aseptise. C\u2019est Marcelo Bielsa, l\u2019entra\u00eeneur argentin qui le dit<\/p>\n\n\n\n<p>\u00ab Le probl\u00e8me fondamental, c&rsquo;est que les riches aspirent toujours \u00e0 \u00eatre plus riches, sans tenir compte des cons\u00e9quences pour les autres. \u00c0 mesure qu&rsquo;ils acqui\u00e8rent plus de pouvoir, ils commencent \u00e0 exiger plus de privil\u00e8ges sur les autres&#8230; \u00bb<\/p>\n\n\n\n<p>A une autre \u00e9chelle, tout autre \u00e9chelle, on apprend que parmi les p\u00e9rip\u00e9ties actuelles sur le projet de stade port\u00e9 par le pr\u00e9sident de Nimes Olympique (et sur lesquelles je reviendrai), la ligue de football risquerait de ne plus homologuer le stade des Costieres parce qu\u2019il faudrait installer les bancs de touche en tribune et non plus sur le bord de la pelouse&#8230; co\u00fbt des travaux des dizaines de milliers d\u2019euros&#8230;. comme si c\u2019\u00e9tait fondamental&#8230;&nbsp; on est donc en train de se pr\u00e9cipiter pour un projet (probl\u00e9matique) de stade qui doit permettre de g\u00e9n\u00e9rer de l\u2019argent pour le club (ou son propri\u00e9taire), parce qu\u2019il manque un coup de peinture et qu\u2019on a d\u00e9cid\u00e9 (sans doute pour la t\u00e9l\u00e9) que les bancs de touche devaient \u00eatre en tribune&#8230;&nbsp;<\/p>\n\n\n\n<p>Triste \u00e9volution pour un sport dont la caract\u00e9ristique fondamentale est d\u2019etre un sport, sinon le sport le plus populaire, et dont les plus belles \u00e9motions viennent du plaisir du beau jeu, mais aussi des moments de partage.<\/p>\n\n\n\n<p><\/p>\n\n\n\n<p><\/p>\n\n\n\n<p><strong>14 octobre 2020 &#8211; D\u00e9claration de Vincent Bouget<\/strong><\/p>\n\n\n\n<p>Pour N\u00eemes Olympique il y a pire souci que le PSG<\/p>\n\n\n\n<p>La presse locale, \u00e0 la suite du journal L\u2019\u00c9quipe, relate ce matin que le groupe M\u00e9diapro qui g\u00e8re les droits de retransmission t\u00e9l\u00e9 du football pro fran\u00e7ais n\u2019a pas pay\u00e9 sa facture du 5 octobre (172 millions d\u2019Euros) \u00e0 la LFP, obligeant celle-ci \u00e0 contracter dans l\u2019urgence un emprunt afin de pouvoir r\u00e9gler aux clubs de football de ligue 1 et ligue 2 les sommes qui doivent contractuellement leur revenir.&nbsp;<\/p>\n\n\n\n<p>Le prestataire M\u00e9diapro visiblement en grande difficult\u00e9 souhaite revoir \u00e0 la baisse tous les contrats. N\u00eemes Olympique risque gros. En effet, L\u2019\u00c9quipe annonce que cette saison le N.O. devrait percevoir 30 millions d\u2019euros de droits T\u00e9l\u00e9 sur un budget total de 40 millions.<\/p>\n\n\n\n<p>Il y a de quoi s\u2019inqui\u00e9ter et une fois encore d\u00e9noncer toutes les d\u00e9rives que les affairistes font courir aux clubs professionnels. C\u2019est encore une histoire de gros sous mais qui risque de fragiliser, voire pire, le N\u00eemes Olympique, club embl\u00e9matique de la ville de N\u00eemes et du d\u00e9partement du Gard, v\u00e9ritable bien commun, soutenu massivement et populairement par les n\u00eemois.e.s, les gardois.e.s.<\/p>\n\n\n\n<p>Encore une fois, l\u2019app\u00e2t du gain, la course folle aux profits, doivent \u00eatre d\u00e9nonc\u00e9s. Comme sans doute sur un autre plan, les prix, prohibitifs pour le plus grand nombre, pratiqu\u00e9s pour le match de gala de Vendredi&#8230;<\/p>\n\n\n\n<p><\/p>\n\n\n\n<p><\/p>\n\n\n\n<figure class=\"wp-block-embed is-type-video is-provider-youtube wp-block-embed-youtube wp-embed-aspect-16-9 wp-has-aspect-ratio\"><div class=\"wp-block-embed__wrapper\">\n<iframe loading=\"lazy\" title=\"Vincent Bouget demande un conseil municipal extraordinaire #StadeDesCosti\u00e8res #N\u00eemesOlympique\" width=\"720\" height=\"405\" src=\"https:\/\/www.youtube.com\/embed\/6Pc1uHzq90w?feature=oembed\" frameborder=\"0\" allow=\"accelerometer; autoplay; clipboard-write; encrypted-media; gyroscope; picture-in-picture; web-share\" allowfullscreen><\/iframe>\n<\/div><\/figure>\n\n\n\n<p><\/p>\n\n\n\n<p><\/p>\n\n\n\n<p><strong>6 mars 2020 &#8211; D\u00e9claration de Vincent Bouget<\/strong><\/p>\n\n\n\n<p>COMMUNIQU\u00c9 : STADE DES COSTIERES&nbsp;<\/p>\n\n\n\n<p>M. Fournier d\u00e9clare le 3 mars ne pas faire confiance \u00e0 Rani Assaf. Il dit m\u00eame que le president de N\u00eemes Olympique n\u2019aime pas le club, ni la ville.&nbsp;<\/p>\n\n\n\n<p>Mais comment les Nimois pourraient ils faire confiance \u00e0 M Fournier qui en juillet 2019 faisait voter au conseil Municipal une promesse de vente du stade&nbsp; \u00e0 M Assaf pour seulement 8 millions d\u2019euros alors que le stade avait co\u00fbt\u00e9 38,5 millions d\u2019euros il y a 30 ans. La d\u00e9lib\u00e9ration de juillet 2019 n\u2019a pas \u00e9t\u00e9 vot\u00e9 par les \u00e9lus front de Gauche (Sylvette Fayet, Fran\u00e7ois S\u00e9guy, Janie arn\u00e9guy et Christian Bastid) qui sont intervenus pour d\u00e9noncer le projet de 15 100 places seulement et un programme d\u2019am\u00e9nagement priv\u00e9 : locaux \u00e0 vocation tertiaire, bureaux, logements \u00e9tudiants, r\u00e9sidences h\u00f4teli\u00e8res. Un beau cadeau au Pr\u00e9sident de N\u00eemes Olympique. C\u2019est \u00e0 ce conseil municipal que le Maire de N\u00eemes s\u2019est engag\u00e9 avec M Assaf, sans aucune concertation, sans aucune pr\u00e9sentation d\u2019une alternative comme celle de la r\u00e9habilitation des Costi\u00e8res dont l\u2019entretien a \u00e9t\u00e9 abandonn\u00e9 pendant les 3 mandats de Fournier.&nbsp;<\/p>\n\n\n\n<p>Les propos tenus par le Maire de N\u00eemes sont inqui\u00e9tants pour les Nimois et les supporters. Comment peut-on confier un nouveau stade et l\u2019am\u00e9nagement d\u2019un quartier \u00e0 un homme d\u2019affaires en qui on n\u2019a pas confiance? Les biens publics ne devraient pas alimenter les int\u00e9r\u00eats priv\u00e9s. Que cherche M. Fournier en faisant de telles declarations ? A se d\u00e9douaner ? A faire une operation \u00e9lectoraliste aurp\u00e8s des supporters malmen\u00e9s par le club en ce moment et pour lesquels il n\u2019a jamais eu aucun mot de soutien jusqu\u2019ici ? Y a-t-il un probl\u00e8me cache dans la vente du stade ? N\u00eemes Olympique, patrimoine de tous les N\u00eemois, m\u00e9rite mieux qu\u2019une operation m\u00e9diatique sur le ton de \u201cje t\u2019aime moi non plus\u201d. S\u2019il y a un probl\u00e8me, M. Fournier doit r\u00e9unir en urgence, avant les \u00e9lections, le conseil municipal encore \u00e9lu, pour faire toute la transparence. S\u2019il ne le fait pas, nous nous engageons, si nous sommes \u00e9lus, \u00e0 r\u00e9ouvrir le dossier qui n\u2019est encore que sous compromis pour examiner la situation et toutes les possibilit\u00e9s alternatives.<\/p>\n\n\n\n<p><\/p>\n\n\n\n<p><\/p>\n\n\n\n<p><strong>25 juin 2019 &#8211; D\u00e9claration de Vincent Bouget<\/strong><\/p>\n\n\n\n<p>Sur la vente annonc\u00e9e du stade des Costi\u00e8res, encore une d\u00e9cision qui se moque de la d\u00e9mocratie et qui rejette tout d\u00e9bat de fond sur cette question.<\/p>\n\n\n\n<p><\/p>\n\n\n\n<p><\/p>\n\n\n\n<p><strong>12 mai 2019 &#8211; D\u00e9claration de Vincent Bouget<\/strong><\/p>\n\n\n\n<p>SUR LE STADE DES COSTI\u00c8RES&#8230; ET LE NOUVEAU STADE&#8230;<\/p>\n\n\n\n<p>Aujourd&rsquo;hui et apr\u00e8s la belle soir\u00e9e d&rsquo;hier (encore une) au stade des Costi\u00e8res, je partage (en commentaire) cette p\u00e9tition initi\u00e9e par des supporters historiques du N\u00eemes Olympique.<\/p>\n\n\n\n<p>La question du \u00ab\u00a0nouveau stade\u00a0\u00bb va \u00eatre une&nbsp; question importante dans les mois qui viennent. Et c&rsquo;est une question politique.&nbsp;<\/p>\n\n\n\n<p>Le stade des Costi\u00e8res est fortement d\u00e9grad\u00e9, parce que depuis des ann\u00e9es la mairie n&rsquo;a pas fait les travaux d&rsquo;entretien n\u00e9cessaire. C&rsquo;est le cas pour \u00ab\u00a0l&rsquo;espace foot\u00a0\u00bb, comme pour d&rsquo;autres espaces qui servent pour d&rsquo;autres activit\u00e9s sportives. La question d&rsquo;un nouveau stade vient donc d&rsquo;abord de ce fait l\u00e0.&nbsp;<\/p>\n\n\n\n<p>Mais&nbsp; cette question rebondit quand le propri\u00e9taire du club, propose de racheter, de d\u00e9truire et de reconstruire un nouveau stade avec un financement enti\u00e8rement priv\u00e9. Un projet encore tr\u00e8s flou, car les \u00e9lus de la majorit\u00e9 veulent semble-t-il g\u00e9rer cela tout seuls&#8230; Des quelques \u00e9l\u00e9ments qui sont \u00ab\u00a0sortis\u00a0\u00bb, plusieurs inqui\u00e8tent, comme le nombre de places pr\u00e9vues.&nbsp;<\/p>\n\n\n\n<p>Et ce projet de stade priv\u00e9 pose de nouvelles questions, qui int\u00e9ressent les supporters mais aussi tous les nimois :&nbsp;<\/p>\n\n\n\n<p>&#8211; est-ce un projet sportif ou un projet immobilier et commercial ? A qui appartiendra vraiment le stade, au club ou \u00e0 une soci\u00e9t\u00e9 priv\u00e9e plus large ? De ce point de vue, on ne saura autoriser la nouvelle cr\u00e9ation d&rsquo;un espace commercial p\u00e9riph\u00e9rique, quand le centre-ville est si fragilis\u00e9. Et l\u00e0 encore la responsabilit\u00e9 de l&rsquo;\u00e9quipe municipale en place depuis 18 ans est engag\u00e9e, elle qui a autoris\u00e9 le d\u00e9veloppement insens\u00e9 de zones commerciales ext\u00e9rieures.&nbsp;<\/p>\n\n\n\n<p>&#8211; est-ce acceptable de vendre un \u00e9quipement public et un terrain tr\u00e8s bien plac\u00e9 au profit d&rsquo;une soci\u00e9t\u00e9 priv\u00e9e ?&nbsp;<\/p>\n\n\n\n<p>&#8211; comment la Ville pourra-t-elle reloger les associations sportives qui occupent les salles du stade (gym, judo, billard&#8230;), quand on connait le manque d&rsquo;\u00e9quipement sportif de la ville ?<\/p>\n\n\n\n<p>&#8211; peut-on accepter un stade avec 14000 places (il y en a aujourd&rsquo;hui 18000, avec 11000 abonn\u00e9s), qui va sans doute emp\u00eacher de nombreux nimois et gardois de venir au stade et risque fortement de faire augmenter les prix des places ? La ville, comme les autres collectivit\u00e9s, et le district de foot, n&rsquo;a-t-elle pas son mot \u00e0 dire, des garanties \u00e0 obtenir pour que le N\u00eemes olympique reste un club populaire ? Ne peut-on imaginer d&rsquo;inviter \u00e0 chaque match des jeunes des clubs n\u00eemois et gardois, pour cr\u00e9er le lien n\u00e9cessaire entre sport amateur et sport professionnel et garder l&rsquo;identit\u00e9 d&rsquo;un club populaire ?<\/p>\n\n\n\n<p>Toutes ces questions sont pos\u00e9es et les N\u00eemois doivent s&rsquo;en emparer. Cette p\u00e9tition permet de mettre le d\u00e9bat sur la place publique. Dans cette affaire, la Ville doit se fixer des objectifs clairs&#8230;<\/p>\n\n\n\n<p>&#8211; Ne pas favoriser les int\u00e9r\u00eats priv\u00e9s au d\u00e9triment de l&rsquo;int\u00e9r\u00eat g\u00e9n\u00e9ral<\/p>\n\n\n\n<p>&#8211; Permettre le d\u00e9veloppement du club, en veillant \u00e0 ce que son identit\u00e9 populaire soit pr\u00e9serv\u00e9e, soit cultiv\u00e9e<\/p>\n\n\n\n<p>&#8211; Ne pas l\u00e9ser les clubs sportifs amateurs utilisateurs du stade<\/p>\n\n\n\n<p>&#8211; D\u00e9finir une vraie politique sportive sur la ville (ce qui fait cruellement d\u00e9faut, comme beaucoup d&rsquo;autres choses dans la gestion de la droite municipale)&nbsp;<\/p>\n\n\n\n<p>Si le stade des Costi\u00e8res avait \u00e9t\u00e9 entretenu, toutes ces questions \u00ab\u00a0emb\u00eatantes\u00a0\u00bb ne se poseraient pas&#8230;<\/p>\n","protected":false},"excerpt":{"rendered":"<p>Interventions \u00e0 propos de la situation de N\u00eemes Olympique\u00a0et du projet de nouveau stade entre 2019 et 2023.  <a href=\"https:\/\/vincentbouget.com\/index.php\/2024\/05\/13\/nimes-olympique-etprojet-de-nouveau-stade-lensemble-de-nos-prises-de-position-depuis-2019\/\" class=\"more-link\">Continuer de lire <span class=\"screen-reader-text\">N\u00eemes Olympique et projet de nouveau stade : l&rsquo;ensemble de nos prises de position depuis 2019<\/span><\/a><\/p>\n","protected":false},"author":1,"featured_media":638,"comment_status":"open","ping_status":"open","sticky":false,"template":"","format":"standard","meta":{"footnotes":""},"categories":[1],"tags":[89,42,87,83,88,82],"class_list":["post-636","post","type-post","status-publish","format-standard","has-post-thumbnail","hentry","category-non-classe","tag-football","tag-nimes-2","tag-nimes-olympique-2","tag-rani-assaf","tag-sas-nemau","tag-stade"],"yoast_head":"<!-- This site is optimized with the Yoast SEO plugin v24.2 - https:\/\/yoast.com\/wordpress\/plugins\/seo\/ -->\n<title>N\u00eemes Olympique et projet de nouveau stade : l&#039;ensemble de nos prises de position depuis 2019 - Le Blog de Vincent Bouget<\/title>\n<meta name=\"robots\" content=\"index, follow, max-snippet:-1, max-image-preview:large, max-video-preview:-1\" \/>\n<link rel=\"canonical\" href=\"https:\/\/vincentbouget.com\/index.php\/2024\/05\/13\/nimes-olympique-etprojet-de-nouveau-stade-lensemble-de-nos-prises-de-position-depuis-2019\/\" \/>\n<meta property=\"og:locale\" content=\"fr_FR\" \/>\n<meta property=\"og:type\" content=\"article\" \/>\n<meta property=\"og:title\" content=\"N\u00eemes Olympique et projet de nouveau stade : l&#039;ensemble de nos prises de position depuis 2019 - Le Blog de Vincent Bouget\" \/>\n<meta property=\"og:description\" content=\"Interventions \u00e0 propos de la situation de N\u00eemes Olympique\u00a0et du projet de nouveau stade entre 2019 et 2023.\" \/>\n<meta property=\"og:url\" content=\"https:\/\/vincentbouget.com\/index.php\/2024\/05\/13\/nimes-olympique-etprojet-de-nouveau-stade-lensemble-de-nos-prises-de-position-depuis-2019\/\" \/>\n<meta property=\"og:site_name\" content=\"Le Blog de Vincent Bouget\" \/>\n<meta property=\"article:published_time\" content=\"2024-05-13T18:09:16+00:00\" \/>\n<meta property=\"og:image\" content=\"https:\/\/vincentbouget.com\/wp-content\/uploads\/2023\/10\/FB2.png\" \/>\n\t<meta property=\"og:image:width\" content=\"916\" \/>\n\t<meta property=\"og:image:height\" content=\"689\" \/>\n\t<meta property=\"og:image:type\" content=\"image\/png\" \/>\n<meta name=\"author\" content=\"Vincent Bouget\" \/>\n<meta name=\"twitter:card\" content=\"summary_large_image\" \/>\n<meta name=\"twitter:label1\" content=\"\u00c9crit par\" \/>\n\t<meta name=\"twitter:data1\" content=\"Vincent Bouget\" \/>\n\t<meta name=\"twitter:label2\" content=\"Dur\u00e9e de lecture estim\u00e9e\" \/>\n\t<meta name=\"twitter:data2\" content=\"37 minutes\" \/>\n<script type=\"application\/ld+json\" class=\"yoast-schema-graph\">{\"@context\":\"https:\/\/schema.org\",\"@graph\":[{\"@type\":\"Article\",\"@id\":\"https:\/\/vincentbouget.com\/index.php\/2024\/05\/13\/nimes-olympique-etprojet-de-nouveau-stade-lensemble-de-nos-prises-de-position-depuis-2019\/#article\",\"isPartOf\":{\"@id\":\"https:\/\/vincentbouget.com\/index.php\/2024\/05\/13\/nimes-olympique-etprojet-de-nouveau-stade-lensemble-de-nos-prises-de-position-depuis-2019\/\"},\"author\":{\"name\":\"Vincent Bouget\",\"@id\":\"https:\/\/vincentbouget.com\/#\/schema\/person\/a9d7fc5df1fd0b936efa366d917deafc\"},\"headline\":\"N\u00eemes Olympique et projet de nouveau stade : l&rsquo;ensemble de nos prises de position depuis 2019\",\"datePublished\":\"2024-05-13T18:09:16+00:00\",\"dateModified\":\"2024-05-13T18:09:16+00:00\",\"mainEntityOfPage\":{\"@id\":\"https:\/\/vincentbouget.com\/index.php\/2024\/05\/13\/nimes-olympique-etprojet-de-nouveau-stade-lensemble-de-nos-prises-de-position-depuis-2019\/\"},\"wordCount\":7438,\"commentCount\":0,\"publisher\":{\"@id\":\"https:\/\/vincentbouget.com\/#\/schema\/person\/a9d7fc5df1fd0b936efa366d917deafc\"},\"image\":{\"@id\":\"https:\/\/vincentbouget.com\/index.php\/2024\/05\/13\/nimes-olympique-etprojet-de-nouveau-stade-lensemble-de-nos-prises-de-position-depuis-2019\/#primaryimage\"},\"thumbnailUrl\":\"https:\/\/vincentbouget.com\/wp-content\/uploads\/2023\/10\/FB2.png\",\"keywords\":[\"football\",\"n\u00eemes\",\"N\u00eemes Olympique\",\"rani Assaf\",\"SAS N\u00e9mau\",\"Stade\"],\"inLanguage\":\"fr-FR\",\"potentialAction\":[{\"@type\":\"CommentAction\",\"name\":\"Comment\",\"target\":[\"https:\/\/vincentbouget.com\/index.php\/2024\/05\/13\/nimes-olympique-etprojet-de-nouveau-stade-lensemble-de-nos-prises-de-position-depuis-2019\/#respond\"]}]},{\"@type\":\"WebPage\",\"@id\":\"https:\/\/vincentbouget.com\/index.php\/2024\/05\/13\/nimes-olympique-etprojet-de-nouveau-stade-lensemble-de-nos-prises-de-position-depuis-2019\/\",\"url\":\"https:\/\/vincentbouget.com\/index.php\/2024\/05\/13\/nimes-olympique-etprojet-de-nouveau-stade-lensemble-de-nos-prises-de-position-depuis-2019\/\",\"name\":\"N\u00eemes Olympique et projet de nouveau stade : l'ensemble de nos prises de position depuis 2019 - Le Blog de Vincent Bouget\",\"isPartOf\":{\"@id\":\"https:\/\/vincentbouget.com\/#website\"},\"primaryImageOfPage\":{\"@id\":\"https:\/\/vincentbouget.com\/index.php\/2024\/05\/13\/nimes-olympique-etprojet-de-nouveau-stade-lensemble-de-nos-prises-de-position-depuis-2019\/#primaryimage\"},\"image\":{\"@id\":\"https:\/\/vincentbouget.com\/index.php\/2024\/05\/13\/nimes-olympique-etprojet-de-nouveau-stade-lensemble-de-nos-prises-de-position-depuis-2019\/#primaryimage\"},\"thumbnailUrl\":\"https:\/\/vincentbouget.com\/wp-content\/uploads\/2023\/10\/FB2.png\",\"datePublished\":\"2024-05-13T18:09:16+00:00\",\"dateModified\":\"2024-05-13T18:09:16+00:00\",\"breadcrumb\":{\"@id\":\"https:\/\/vincentbouget.com\/index.php\/2024\/05\/13\/nimes-olympique-etprojet-de-nouveau-stade-lensemble-de-nos-prises-de-position-depuis-2019\/#breadcrumb\"},\"inLanguage\":\"fr-FR\",\"potentialAction\":[{\"@type\":\"ReadAction\",\"target\":[\"https:\/\/vincentbouget.com\/index.php\/2024\/05\/13\/nimes-olympique-etprojet-de-nouveau-stade-lensemble-de-nos-prises-de-position-depuis-2019\/\"]}]},{\"@type\":\"ImageObject\",\"inLanguage\":\"fr-FR\",\"@id\":\"https:\/\/vincentbouget.com\/index.php\/2024\/05\/13\/nimes-olympique-etprojet-de-nouveau-stade-lensemble-de-nos-prises-de-position-depuis-2019\/#primaryimage\",\"url\":\"https:\/\/vincentbouget.com\/wp-content\/uploads\/2023\/10\/FB2.png\",\"contentUrl\":\"https:\/\/vincentbouget.com\/wp-content\/uploads\/2023\/10\/FB2.png\",\"width\":916,\"height\":689},{\"@type\":\"BreadcrumbList\",\"@id\":\"https:\/\/vincentbouget.com\/index.php\/2024\/05\/13\/nimes-olympique-etprojet-de-nouveau-stade-lensemble-de-nos-prises-de-position-depuis-2019\/#breadcrumb\",\"itemListElement\":[{\"@type\":\"ListItem\",\"position\":1,\"name\":\"Accueil\",\"item\":\"https:\/\/vincentbouget.com\/\"},{\"@type\":\"ListItem\",\"position\":2,\"name\":\"N\u00eemes Olympique et projet de nouveau stade : l&rsquo;ensemble de nos prises de position depuis 2019\"}]},{\"@type\":\"WebSite\",\"@id\":\"https:\/\/vincentbouget.com\/#website\",\"url\":\"https:\/\/vincentbouget.com\/\",\"name\":\"Le Blog de Vincent Bouget\",\"description\":\"&quot;Le courage, c&#039;est d&#039;aller \u00e0 l&#039;id\u00e9al et de comprendre le r\u00e9el&quot; Jean Jaur\u00e8s\",\"publisher\":{\"@id\":\"https:\/\/vincentbouget.com\/#\/schema\/person\/a9d7fc5df1fd0b936efa366d917deafc\"},\"potentialAction\":[{\"@type\":\"SearchAction\",\"target\":{\"@type\":\"EntryPoint\",\"urlTemplate\":\"https:\/\/vincentbouget.com\/?s={search_term_string}\"},\"query-input\":{\"@type\":\"PropertyValueSpecification\",\"valueRequired\":true,\"valueName\":\"search_term_string\"}}],\"inLanguage\":\"fr-FR\"},{\"@type\":[\"Person\",\"Organization\"],\"@id\":\"https:\/\/vincentbouget.com\/#\/schema\/person\/a9d7fc5df1fd0b936efa366d917deafc\",\"name\":\"Vincent Bouget\",\"image\":{\"@type\":\"ImageObject\",\"inLanguage\":\"fr-FR\",\"@id\":\"https:\/\/vincentbouget.com\/#\/schema\/person\/image\/\",\"url\":\"https:\/\/vincentbouget.com\/wp-content\/uploads\/2022\/10\/cropped-Vincent-Bouget-1-1.jpg\",\"contentUrl\":\"https:\/\/vincentbouget.com\/wp-content\/uploads\/2022\/10\/cropped-Vincent-Bouget-1-1.jpg\",\"width\":240,\"height\":240,\"caption\":\"Vincent Bouget\"},\"logo\":{\"@id\":\"https:\/\/vincentbouget.com\/#\/schema\/person\/image\/\"},\"sameAs\":[\"http:\/\/vincentbouget.com\"],\"url\":\"https:\/\/vincentbouget.com\/index.php\/author\/admin3954\/\"}]}<\/script>\n<!-- \/ Yoast SEO plugin. -->","yoast_head_json":{"title":"N\u00eemes Olympique et projet de nouveau stade : l'ensemble de nos prises de position depuis 2019 - Le Blog de Vincent Bouget","robots":{"index":"index","follow":"follow","max-snippet":"max-snippet:-1","max-image-preview":"max-image-preview:large","max-video-preview":"max-video-preview:-1"},"canonical":"https:\/\/vincentbouget.com\/index.php\/2024\/05\/13\/nimes-olympique-etprojet-de-nouveau-stade-lensemble-de-nos-prises-de-position-depuis-2019\/","og_locale":"fr_FR","og_type":"article","og_title":"N\u00eemes Olympique et projet de nouveau stade : l'ensemble de nos prises de position depuis 2019 - Le Blog de Vincent Bouget","og_description":"Interventions \u00e0 propos de la situation de N\u00eemes Olympique\u00a0et du projet de nouveau stade entre 2019 et 2023.","og_url":"https:\/\/vincentbouget.com\/index.php\/2024\/05\/13\/nimes-olympique-etprojet-de-nouveau-stade-lensemble-de-nos-prises-de-position-depuis-2019\/","og_site_name":"Le Blog de Vincent Bouget","article_published_time":"2024-05-13T18:09:16+00:00","og_image":[{"width":916,"height":689,"url":"https:\/\/vincentbouget.com\/wp-content\/uploads\/2023\/10\/FB2.png","type":"image\/png"}],"author":"Vincent Bouget","twitter_card":"summary_large_image","twitter_misc":{"\u00c9crit par":"Vincent Bouget","Dur\u00e9e de lecture estim\u00e9e":"37 minutes"},"schema":{"@context":"https:\/\/schema.org","@graph":[{"@type":"Article","@id":"https:\/\/vincentbouget.com\/index.php\/2024\/05\/13\/nimes-olympique-etprojet-de-nouveau-stade-lensemble-de-nos-prises-de-position-depuis-2019\/#article","isPartOf":{"@id":"https:\/\/vincentbouget.com\/index.php\/2024\/05\/13\/nimes-olympique-etprojet-de-nouveau-stade-lensemble-de-nos-prises-de-position-depuis-2019\/"},"author":{"name":"Vincent Bouget","@id":"https:\/\/vincentbouget.com\/#\/schema\/person\/a9d7fc5df1fd0b936efa366d917deafc"},"headline":"N\u00eemes Olympique et projet de nouveau stade : l&rsquo;ensemble de nos prises de position depuis 2019","datePublished":"2024-05-13T18:09:16+00:00","dateModified":"2024-05-13T18:09:16+00:00","mainEntityOfPage":{"@id":"https:\/\/vincentbouget.com\/index.php\/2024\/05\/13\/nimes-olympique-etprojet-de-nouveau-stade-lensemble-de-nos-prises-de-position-depuis-2019\/"},"wordCount":7438,"commentCount":0,"publisher":{"@id":"https:\/\/vincentbouget.com\/#\/schema\/person\/a9d7fc5df1fd0b936efa366d917deafc"},"image":{"@id":"https:\/\/vincentbouget.com\/index.php\/2024\/05\/13\/nimes-olympique-etprojet-de-nouveau-stade-lensemble-de-nos-prises-de-position-depuis-2019\/#primaryimage"},"thumbnailUrl":"https:\/\/vincentbouget.com\/wp-content\/uploads\/2023\/10\/FB2.png","keywords":["football","n\u00eemes","N\u00eemes Olympique","rani Assaf","SAS N\u00e9mau","Stade"],"inLanguage":"fr-FR","potentialAction":[{"@type":"CommentAction","name":"Comment","target":["https:\/\/vincentbouget.com\/index.php\/2024\/05\/13\/nimes-olympique-etprojet-de-nouveau-stade-lensemble-de-nos-prises-de-position-depuis-2019\/#respond"]}]},{"@type":"WebPage","@id":"https:\/\/vincentbouget.com\/index.php\/2024\/05\/13\/nimes-olympique-etprojet-de-nouveau-stade-lensemble-de-nos-prises-de-position-depuis-2019\/","url":"https:\/\/vincentbouget.com\/index.php\/2024\/05\/13\/nimes-olympique-etprojet-de-nouveau-stade-lensemble-de-nos-prises-de-position-depuis-2019\/","name":"N\u00eemes Olympique et projet de nouveau stade : l'ensemble de nos prises de position depuis 2019 - Le Blog de Vincent Bouget","isPartOf":{"@id":"https:\/\/vincentbouget.com\/#website"},"primaryImageOfPage":{"@id":"https:\/\/vincentbouget.com\/index.php\/2024\/05\/13\/nimes-olympique-etprojet-de-nouveau-stade-lensemble-de-nos-prises-de-position-depuis-2019\/#primaryimage"},"image":{"@id":"https:\/\/vincentbouget.com\/index.php\/2024\/05\/13\/nimes-olympique-etprojet-de-nouveau-stade-lensemble-de-nos-prises-de-position-depuis-2019\/#primaryimage"},"thumbnailUrl":"https:\/\/vincentbouget.com\/wp-content\/uploads\/2023\/10\/FB2.png","datePublished":"2024-05-13T18:09:16+00:00","dateModified":"2024-05-13T18:09:16+00:00","breadcrumb":{"@id":"https:\/\/vincentbouget.com\/index.php\/2024\/05\/13\/nimes-olympique-etprojet-de-nouveau-stade-lensemble-de-nos-prises-de-position-depuis-2019\/#breadcrumb"},"inLanguage":"fr-FR","potentialAction":[{"@type":"ReadAction","target":["https:\/\/vincentbouget.com\/index.php\/2024\/05\/13\/nimes-olympique-etprojet-de-nouveau-stade-lensemble-de-nos-prises-de-position-depuis-2019\/"]}]},{"@type":"ImageObject","inLanguage":"fr-FR","@id":"https:\/\/vincentbouget.com\/index.php\/2024\/05\/13\/nimes-olympique-etprojet-de-nouveau-stade-lensemble-de-nos-prises-de-position-depuis-2019\/#primaryimage","url":"https:\/\/vincentbouget.com\/wp-content\/uploads\/2023\/10\/FB2.png","contentUrl":"https:\/\/vincentbouget.com\/wp-content\/uploads\/2023\/10\/FB2.png","width":916,"height":689},{"@type":"BreadcrumbList","@id":"https:\/\/vincentbouget.com\/index.php\/2024\/05\/13\/nimes-olympique-etprojet-de-nouveau-stade-lensemble-de-nos-prises-de-position-depuis-2019\/#breadcrumb","itemListElement":[{"@type":"ListItem","position":1,"name":"Accueil","item":"https:\/\/vincentbouget.com\/"},{"@type":"ListItem","position":2,"name":"N\u00eemes Olympique et projet de nouveau stade : l&rsquo;ensemble de nos prises de position depuis 2019"}]},{"@type":"WebSite","@id":"https:\/\/vincentbouget.com\/#website","url":"https:\/\/vincentbouget.com\/","name":"Le Blog de Vincent Bouget","description":"&quot;Le courage, c&#039;est d&#039;aller \u00e0 l&#039;id\u00e9al et de comprendre le r\u00e9el&quot; Jean Jaur\u00e8s","publisher":{"@id":"https:\/\/vincentbouget.com\/#\/schema\/person\/a9d7fc5df1fd0b936efa366d917deafc"},"potentialAction":[{"@type":"SearchAction","target":{"@type":"EntryPoint","urlTemplate":"https:\/\/vincentbouget.com\/?s={search_term_string}"},"query-input":{"@type":"PropertyValueSpecification","valueRequired":true,"valueName":"search_term_string"}}],"inLanguage":"fr-FR"},{"@type":["Person","Organization"],"@id":"https:\/\/vincentbouget.com\/#\/schema\/person\/a9d7fc5df1fd0b936efa366d917deafc","name":"Vincent Bouget","image":{"@type":"ImageObject","inLanguage":"fr-FR","@id":"https:\/\/vincentbouget.com\/#\/schema\/person\/image\/","url":"https:\/\/vincentbouget.com\/wp-content\/uploads\/2022\/10\/cropped-Vincent-Bouget-1-1.jpg","contentUrl":"https:\/\/vincentbouget.com\/wp-content\/uploads\/2022\/10\/cropped-Vincent-Bouget-1-1.jpg","width":240,"height":240,"caption":"Vincent Bouget"},"logo":{"@id":"https:\/\/vincentbouget.com\/#\/schema\/person\/image\/"},"sameAs":["http:\/\/vincentbouget.com"],"url":"https:\/\/vincentbouget.com\/index.php\/author\/admin3954\/"}]}},"_links":{"self":[{"href":"https:\/\/vincentbouget.com\/index.php\/wp-json\/wp\/v2\/posts\/636","targetHints":{"allow":["GET"]}}],"collection":[{"href":"https:\/\/vincentbouget.com\/index.php\/wp-json\/wp\/v2\/posts"}],"about":[{"href":"https:\/\/vincentbouget.com\/index.php\/wp-json\/wp\/v2\/types\/post"}],"author":[{"embeddable":true,"href":"https:\/\/vincentbouget.com\/index.php\/wp-json\/wp\/v2\/users\/1"}],"replies":[{"embeddable":true,"href":"https:\/\/vincentbouget.com\/index.php\/wp-json\/wp\/v2\/comments?post=636"}],"version-history":[{"count":4,"href":"https:\/\/vincentbouget.com\/index.php\/wp-json\/wp\/v2\/posts\/636\/revisions"}],"predecessor-version":[{"id":745,"href":"https:\/\/vincentbouget.com\/index.php\/wp-json\/wp\/v2\/posts\/636\/revisions\/745"}],"wp:featuredmedia":[{"embeddable":true,"href":"https:\/\/vincentbouget.com\/index.php\/wp-json\/wp\/v2\/media\/638"}],"wp:attachment":[{"href":"https:\/\/vincentbouget.com\/index.php\/wp-json\/wp\/v2\/media?parent=636"}],"wp:term":[{"taxonomy":"category","embeddable":true,"href":"https:\/\/vincentbouget.com\/index.php\/wp-json\/wp\/v2\/categories?post=636"},{"taxonomy":"post_tag","embeddable":true,"href":"https:\/\/vincentbouget.com\/index.php\/wp-json\/wp\/v2\/tags?post=636"}],"curies":[{"name":"wp","href":"https:\/\/api.w.org\/{rel}","templated":true}]}}