{"id":671,"date":"2023-12-09T09:58:33","date_gmt":"2023-12-09T08:58:33","guid":{"rendered":"http:\/\/vincentbouget.com\/?p=671"},"modified":"2023-12-09T09:58:33","modified_gmt":"2023-12-09T08:58:33","slug":"maison-saurel-maison-de-lunesco","status":"publish","type":"post","link":"https:\/\/vincentbouget.com\/index.php\/2023\/12\/09\/maison-saurel-maison-de-lunesco\/","title":{"rendered":"Maison Saurel, maison de l\u2019UNESCO"},"content":{"rendered":"\n<p>Les candidats \u00e0 la d\u00e9l\u00e9gation de service public pour la gestion des monuments romains ont rendu leur copie ce vendredi 8 d\u00e9cembre. Le mercredi 13 d\u00e9cembre, le maire recevra des mains du d\u00e9l\u00e9gu\u00e9 permanent de la France aupr\u00e8s de l\u2019Unesco le certificat d\u2019inscription de la Maison Carr\u00e9e sur les listes du patrimoine mondial.<\/p>\n\n\n\n<p>Je r\u00e9p\u00e8te ce que les \u00e9lus de gauche avaient demand\u00e9 en Conseil Municipal \u00e0 l\u2019occasion des derniers Conseils municipaux. La <a><\/a>Maison Carr\u00e9e qui appartient d\u00e9sormais \u00e0 l\u2019Humanit\u00e9 doit \u00eatre sortie de la D\u00e9l\u00e9gation de Service Public c\u2019est-\u00e0-dire d\u2019une gestion priv\u00e9e \u00e0 des fins touristiques pour retrouver une gestion publique seule garante des enjeux li\u00e9s \u00e0 cette inscription. Il faut sans doute reconsid\u00e9rer l\u2019acc\u00e8s \u00e0 l\u2019int\u00e9rieur de la Maison Carr\u00e9e qui n\u2019a pas d\u2019autre utilit\u00e9 que de g\u00e9n\u00e9rer des revenus aux d\u00e9l\u00e9gataires quand l\u2019espace de m\u00e9diation peut se faire ailleurs. Nous devons dans le m\u00eame temps donner corps aux ambitions li\u00e9es \u00e0 l\u2019UNESCO dans notre ville. L\u2019UNESCO c\u2019est la science, la culture et l\u2019\u00e9ducation. Comme le lien avec la recherche scientifique, le lien du patrimoine n\u00eemois avec son territoire et sa population et notamment sa jeunesse doit \u00eatre renforc\u00e9. C\u2019est une chance pour fortifier le sentiment d\u2019appartenance commune \u00e0 la cit\u00e9. Dans ce cadre, un lieu destin\u00e9 sp\u00e9cifiquement \u00e0 l\u2019UNESCO est n\u00e9cessaire et dans ce cadre la maison Saurel, situ\u00e9e dans les Jardins de la Fontaine pourrait avoir cette destination, et non pas \u00eatre un restaurant. Elle doit donc elle aussi \u00eatre sortie du p\u00e9rim\u00e8tre de la DSP. Il n\u2019a jamais d\u2019ailleurs \u00e9t\u00e9 coh\u00e9rent qu\u2019elle y rentre. Comme n\u2019est pas coh\u00e9rent la gestion dissoci\u00e9e des monuments romains en DSP et du mus\u00e9e de la Romanit\u00e9 par la SPL Culture et Patrimoine.<\/p>\n\n\n\n<p>Pour tout cela, nous devons d\u00e9velopper une approche globale du patrimoine n\u00eemois, romain notamment en prenant en compte \u00e9galement les remparts, mais au-del\u00e0 comme pour les Jardins de la Fontaine site exceptionnel que l\u2019on pourrait davantage consid\u00e9rer. Cette approche patrimoniale globale doit d\u00e9passer les consid\u00e9rations touristiques qui sont bien s\u00fbr importantes mais insuffisantes pour le d\u00e9veloppement de notre ville.<\/p>\n\n\n\n<p><\/p>\n\n\n\n<figure class=\"wp-block-image size-large\"><img loading=\"lazy\" decoding=\"async\" width=\"971\" height=\"1024\" src=\"http:\/\/vincentbouget.com\/wp-content\/uploads\/2023\/12\/408773209_6867019860031842_4325733123667478698_n-971x1024.jpg\" alt=\"\" class=\"wp-image-673\" srcset=\"https:\/\/vincentbouget.com\/wp-content\/uploads\/2023\/12\/408773209_6867019860031842_4325733123667478698_n-971x1024.jpg 971w, https:\/\/vincentbouget.com\/wp-content\/uploads\/2023\/12\/408773209_6867019860031842_4325733123667478698_n-284x300.jpg 284w, https:\/\/vincentbouget.com\/wp-content\/uploads\/2023\/12\/408773209_6867019860031842_4325733123667478698_n-768x810.jpg 768w, https:\/\/vincentbouget.com\/wp-content\/uploads\/2023\/12\/408773209_6867019860031842_4325733123667478698_n-1457x1536.jpg 1457w, https:\/\/vincentbouget.com\/wp-content\/uploads\/2023\/12\/408773209_6867019860031842_4325733123667478698_n-85x90.jpg 85w, https:\/\/vincentbouget.com\/wp-content\/uploads\/2023\/12\/408773209_6867019860031842_4325733123667478698_n.jpg 1942w\" sizes=\"auto, (max-width: 971px) 100vw, 971px\" \/><\/figure>\n","protected":false},"excerpt":{"rendered":"<p>Les candidats \u00e0 la d\u00e9l\u00e9gation de service public pour la gestion des monuments romains ont rendu leur copie ce vendredi 8 d\u00e9cembre. Le mercredi 13 d\u00e9cembre, le maire recevra des mains du d\u00e9l\u00e9gu\u00e9 permanent de la France aupr\u00e8s de l\u2019Unesco le certificat d\u2019inscription de la Maison Carr\u00e9e sur les listes du patrimoine mondial. <a href=\"https:\/\/vincentbouget.com\/index.php\/2023\/12\/09\/maison-saurel-maison-de-lunesco\/\" class=\"more-link\">Continuer de lire <span class=\"screen-reader-text\">Maison Saurel, maison de l\u2019UNESCO<\/span><\/a><\/p>\n","protected":false},"author":1,"featured_media":672,"comment_status":"open","ping_status":"open","sticky":false,"template":"","format":"standard","meta":{"footnotes":""},"categories":[6,11],"tags":[100,99,15,98],"class_list":["post-671","post","type-post","status-publish","format-standard","has-post-thumbnail","hentry","category-prises-de-position","category-ville-de-nimes-nimes-metropole","tag-maison-carree","tag-maison-saurel","tag-nimes","tag-unesco"],"yoast_head":"<!-- This site is optimized with the Yoast SEO plugin v24.2 - https:\/\/yoast.com\/wordpress\/plugins\/seo\/ -->\n<title>Maison Saurel, maison de l\u2019UNESCO - Le Blog de Vincent Bouget<\/title>\n<meta name=\"robots\" content=\"index, follow, max-snippet:-1, max-image-preview:large, max-video-preview:-1\" \/>\n<link rel=\"canonical\" href=\"https:\/\/vincentbouget.com\/index.php\/2023\/12\/09\/maison-saurel-maison-de-lunesco\/\" \/>\n<meta property=\"og:locale\" content=\"fr_FR\" \/>\n<meta property=\"og:type\" content=\"article\" \/>\n<meta property=\"og:title\" content=\"Maison Saurel, maison de l\u2019UNESCO - Le Blog de Vincent Bouget\" \/>\n<meta property=\"og:description\" content=\"Les candidats \u00e0 la d\u00e9l\u00e9gation de service public pour la gestion des monuments romains ont rendu leur copie ce vendredi 8 d\u00e9cembre. Le mercredi 13 d\u00e9cembre, le maire recevra des mains du d\u00e9l\u00e9gu\u00e9 permanent de la France aupr\u00e8s de l\u2019Unesco le certificat d\u2019inscription de la Maison Carr\u00e9e sur les listes du patrimoine mondial.\" \/>\n<meta property=\"og:url\" content=\"https:\/\/vincentbouget.com\/index.php\/2023\/12\/09\/maison-saurel-maison-de-lunesco\/\" \/>\n<meta property=\"og:site_name\" content=\"Le Blog de Vincent Bouget\" \/>\n<meta property=\"article:published_time\" content=\"2023-12-09T08:58:33+00:00\" \/>\n<meta property=\"og:image\" content=\"https:\/\/vincentbouget.com\/wp-content\/uploads\/2023\/12\/407928029_6867017856698709_7695735959945723597_n.jpg\" \/>\n\t<meta property=\"og:image:width\" content=\"754\" \/>\n\t<meta property=\"og:image:height\" content=\"520\" \/>\n\t<meta property=\"og:image:type\" content=\"image\/jpeg\" \/>\n<meta name=\"author\" content=\"Vincent Bouget\" \/>\n<meta name=\"twitter:card\" content=\"summary_large_image\" \/>\n<meta name=\"twitter:label1\" content=\"\u00c9crit par\" \/>\n\t<meta name=\"twitter:data1\" content=\"Vincent Bouget\" \/>\n\t<meta name=\"twitter:label2\" content=\"Dur\u00e9e de lecture estim\u00e9e\" \/>\n\t<meta name=\"twitter:data2\" content=\"2 minutes\" \/>\n<script type=\"application\/ld+json\" class=\"yoast-schema-graph\">{\"@context\":\"https:\/\/schema.org\",\"@graph\":[{\"@type\":\"Article\",\"@id\":\"https:\/\/vincentbouget.com\/index.php\/2023\/12\/09\/maison-saurel-maison-de-lunesco\/#article\",\"isPartOf\":{\"@id\":\"https:\/\/vincentbouget.com\/index.php\/2023\/12\/09\/maison-saurel-maison-de-lunesco\/\"},\"author\":{\"name\":\"Vincent Bouget\",\"@id\":\"https:\/\/vincentbouget.com\/#\/schema\/person\/a9d7fc5df1fd0b936efa366d917deafc\"},\"headline\":\"Maison Saurel, maison de l\u2019UNESCO\",\"datePublished\":\"2023-12-09T08:58:33+00:00\",\"dateModified\":\"2023-12-09T08:58:33+00:00\",\"mainEntityOfPage\":{\"@id\":\"https:\/\/vincentbouget.com\/index.php\/2023\/12\/09\/maison-saurel-maison-de-lunesco\/\"},\"wordCount\":405,\"commentCount\":0,\"publisher\":{\"@id\":\"https:\/\/vincentbouget.com\/#\/schema\/person\/a9d7fc5df1fd0b936efa366d917deafc\"},\"image\":{\"@id\":\"https:\/\/vincentbouget.com\/index.php\/2023\/12\/09\/maison-saurel-maison-de-lunesco\/#primaryimage\"},\"thumbnailUrl\":\"https:\/\/vincentbouget.com\/wp-content\/uploads\/2023\/12\/407928029_6867017856698709_7695735959945723597_n.jpg\",\"keywords\":[\"maison carr\u00e9e\",\"maison saurel\",\"Nimes\",\"unesco\"],\"articleSection\":[\"Prises de Position\",\"Ville de N\u00eemes \/ N\u00eemes M\u00e9tropole\"],\"inLanguage\":\"fr-FR\",\"potentialAction\":[{\"@type\":\"CommentAction\",\"name\":\"Comment\",\"target\":[\"https:\/\/vincentbouget.com\/index.php\/2023\/12\/09\/maison-saurel-maison-de-lunesco\/#respond\"]}]},{\"@type\":\"WebPage\",\"@id\":\"https:\/\/vincentbouget.com\/index.php\/2023\/12\/09\/maison-saurel-maison-de-lunesco\/\",\"url\":\"https:\/\/vincentbouget.com\/index.php\/2023\/12\/09\/maison-saurel-maison-de-lunesco\/\",\"name\":\"Maison Saurel, maison de l\u2019UNESCO - Le Blog de Vincent Bouget\",\"isPartOf\":{\"@id\":\"https:\/\/vincentbouget.com\/#website\"},\"primaryImageOfPage\":{\"@id\":\"https:\/\/vincentbouget.com\/index.php\/2023\/12\/09\/maison-saurel-maison-de-lunesco\/#primaryimage\"},\"image\":{\"@id\":\"https:\/\/vincentbouget.com\/index.php\/2023\/12\/09\/maison-saurel-maison-de-lunesco\/#primaryimage\"},\"thumbnailUrl\":\"https:\/\/vincentbouget.com\/wp-content\/uploads\/2023\/12\/407928029_6867017856698709_7695735959945723597_n.jpg\",\"datePublished\":\"2023-12-09T08:58:33+00:00\",\"dateModified\":\"2023-12-09T08:58:33+00:00\",\"breadcrumb\":{\"@id\":\"https:\/\/vincentbouget.com\/index.php\/2023\/12\/09\/maison-saurel-maison-de-lunesco\/#breadcrumb\"},\"inLanguage\":\"fr-FR\",\"potentialAction\":[{\"@type\":\"ReadAction\",\"target\":[\"https:\/\/vincentbouget.com\/index.php\/2023\/12\/09\/maison-saurel-maison-de-lunesco\/\"]}]},{\"@type\":\"ImageObject\",\"inLanguage\":\"fr-FR\",\"@id\":\"https:\/\/vincentbouget.com\/index.php\/2023\/12\/09\/maison-saurel-maison-de-lunesco\/#primaryimage\",\"url\":\"https:\/\/vincentbouget.com\/wp-content\/uploads\/2023\/12\/407928029_6867017856698709_7695735959945723597_n.jpg\",\"contentUrl\":\"https:\/\/vincentbouget.com\/wp-content\/uploads\/2023\/12\/407928029_6867017856698709_7695735959945723597_n.jpg\",\"width\":754,\"height\":520},{\"@type\":\"BreadcrumbList\",\"@id\":\"https:\/\/vincentbouget.com\/index.php\/2023\/12\/09\/maison-saurel-maison-de-lunesco\/#breadcrumb\",\"itemListElement\":[{\"@type\":\"ListItem\",\"position\":1,\"name\":\"Accueil\",\"item\":\"https:\/\/vincentbouget.com\/\"},{\"@type\":\"ListItem\",\"position\":2,\"name\":\"Maison Saurel, maison de l\u2019UNESCO\"}]},{\"@type\":\"WebSite\",\"@id\":\"https:\/\/vincentbouget.com\/#website\",\"url\":\"https:\/\/vincentbouget.com\/\",\"name\":\"Le Blog de Vincent Bouget\",\"description\":\"&quot;Le courage, c&#039;est d&#039;aller \u00e0 l&#039;id\u00e9al et de comprendre le r\u00e9el&quot; Jean Jaur\u00e8s\",\"publisher\":{\"@id\":\"https:\/\/vincentbouget.com\/#\/schema\/person\/a9d7fc5df1fd0b936efa366d917deafc\"},\"potentialAction\":[{\"@type\":\"SearchAction\",\"target\":{\"@type\":\"EntryPoint\",\"urlTemplate\":\"https:\/\/vincentbouget.com\/?s={search_term_string}\"},\"query-input\":{\"@type\":\"PropertyValueSpecification\",\"valueRequired\":true,\"valueName\":\"search_term_string\"}}],\"inLanguage\":\"fr-FR\"},{\"@type\":[\"Person\",\"Organization\"],\"@id\":\"https:\/\/vincentbouget.com\/#\/schema\/person\/a9d7fc5df1fd0b936efa366d917deafc\",\"name\":\"Vincent Bouget\",\"image\":{\"@type\":\"ImageObject\",\"inLanguage\":\"fr-FR\",\"@id\":\"https:\/\/vincentbouget.com\/#\/schema\/person\/image\/\",\"url\":\"https:\/\/vincentbouget.com\/wp-content\/uploads\/2022\/10\/cropped-Vincent-Bouget-1-1.jpg\",\"contentUrl\":\"https:\/\/vincentbouget.com\/wp-content\/uploads\/2022\/10\/cropped-Vincent-Bouget-1-1.jpg\",\"width\":240,\"height\":240,\"caption\":\"Vincent Bouget\"},\"logo\":{\"@id\":\"https:\/\/vincentbouget.com\/#\/schema\/person\/image\/\"},\"sameAs\":[\"http:\/\/vincentbouget.com\"],\"url\":\"https:\/\/vincentbouget.com\/index.php\/author\/admin3954\/\"}]}<\/script>\n<!-- \/ Yoast SEO plugin. -->","yoast_head_json":{"title":"Maison Saurel, maison de l\u2019UNESCO - Le Blog de Vincent Bouget","robots":{"index":"index","follow":"follow","max-snippet":"max-snippet:-1","max-image-preview":"max-image-preview:large","max-video-preview":"max-video-preview:-1"},"canonical":"https:\/\/vincentbouget.com\/index.php\/2023\/12\/09\/maison-saurel-maison-de-lunesco\/","og_locale":"fr_FR","og_type":"article","og_title":"Maison Saurel, maison de l\u2019UNESCO - Le Blog de Vincent Bouget","og_description":"Les candidats \u00e0 la d\u00e9l\u00e9gation de service public pour la gestion des monuments romains ont rendu leur copie ce vendredi 8 d\u00e9cembre. Le mercredi 13 d\u00e9cembre, le maire recevra des mains du d\u00e9l\u00e9gu\u00e9 permanent de la France aupr\u00e8s de l\u2019Unesco le certificat d\u2019inscription de la Maison Carr\u00e9e sur les listes du patrimoine mondial.","og_url":"https:\/\/vincentbouget.com\/index.php\/2023\/12\/09\/maison-saurel-maison-de-lunesco\/","og_site_name":"Le Blog de Vincent Bouget","article_published_time":"2023-12-09T08:58:33+00:00","og_image":[{"width":754,"height":520,"url":"https:\/\/vincentbouget.com\/wp-content\/uploads\/2023\/12\/407928029_6867017856698709_7695735959945723597_n.jpg","type":"image\/jpeg"}],"author":"Vincent Bouget","twitter_card":"summary_large_image","twitter_misc":{"\u00c9crit par":"Vincent Bouget","Dur\u00e9e de lecture estim\u00e9e":"2 minutes"},"schema":{"@context":"https:\/\/schema.org","@graph":[{"@type":"Article","@id":"https:\/\/vincentbouget.com\/index.php\/2023\/12\/09\/maison-saurel-maison-de-lunesco\/#article","isPartOf":{"@id":"https:\/\/vincentbouget.com\/index.php\/2023\/12\/09\/maison-saurel-maison-de-lunesco\/"},"author":{"name":"Vincent Bouget","@id":"https:\/\/vincentbouget.com\/#\/schema\/person\/a9d7fc5df1fd0b936efa366d917deafc"},"headline":"Maison Saurel, maison de l\u2019UNESCO","datePublished":"2023-12-09T08:58:33+00:00","dateModified":"2023-12-09T08:58:33+00:00","mainEntityOfPage":{"@id":"https:\/\/vincentbouget.com\/index.php\/2023\/12\/09\/maison-saurel-maison-de-lunesco\/"},"wordCount":405,"commentCount":0,"publisher":{"@id":"https:\/\/vincentbouget.com\/#\/schema\/person\/a9d7fc5df1fd0b936efa366d917deafc"},"image":{"@id":"https:\/\/vincentbouget.com\/index.php\/2023\/12\/09\/maison-saurel-maison-de-lunesco\/#primaryimage"},"thumbnailUrl":"https:\/\/vincentbouget.com\/wp-content\/uploads\/2023\/12\/407928029_6867017856698709_7695735959945723597_n.jpg","keywords":["maison carr\u00e9e","maison saurel","Nimes","unesco"],"articleSection":["Prises de Position","Ville de N\u00eemes \/ N\u00eemes M\u00e9tropole"],"inLanguage":"fr-FR","potentialAction":[{"@type":"CommentAction","name":"Comment","target":["https:\/\/vincentbouget.com\/index.php\/2023\/12\/09\/maison-saurel-maison-de-lunesco\/#respond"]}]},{"@type":"WebPage","@id":"https:\/\/vincentbouget.com\/index.php\/2023\/12\/09\/maison-saurel-maison-de-lunesco\/","url":"https:\/\/vincentbouget.com\/index.php\/2023\/12\/09\/maison-saurel-maison-de-lunesco\/","name":"Maison Saurel, maison de l\u2019UNESCO - Le Blog de Vincent Bouget","isPartOf":{"@id":"https:\/\/vincentbouget.com\/#website"},"primaryImageOfPage":{"@id":"https:\/\/vincentbouget.com\/index.php\/2023\/12\/09\/maison-saurel-maison-de-lunesco\/#primaryimage"},"image":{"@id":"https:\/\/vincentbouget.com\/index.php\/2023\/12\/09\/maison-saurel-maison-de-lunesco\/#primaryimage"},"thumbnailUrl":"https:\/\/vincentbouget.com\/wp-content\/uploads\/2023\/12\/407928029_6867017856698709_7695735959945723597_n.jpg","datePublished":"2023-12-09T08:58:33+00:00","dateModified":"2023-12-09T08:58:33+00:00","breadcrumb":{"@id":"https:\/\/vincentbouget.com\/index.php\/2023\/12\/09\/maison-saurel-maison-de-lunesco\/#breadcrumb"},"inLanguage":"fr-FR","potentialAction":[{"@type":"ReadAction","target":["https:\/\/vincentbouget.com\/index.php\/2023\/12\/09\/maison-saurel-maison-de-lunesco\/"]}]},{"@type":"ImageObject","inLanguage":"fr-FR","@id":"https:\/\/vincentbouget.com\/index.php\/2023\/12\/09\/maison-saurel-maison-de-lunesco\/#primaryimage","url":"https:\/\/vincentbouget.com\/wp-content\/uploads\/2023\/12\/407928029_6867017856698709_7695735959945723597_n.jpg","contentUrl":"https:\/\/vincentbouget.com\/wp-content\/uploads\/2023\/12\/407928029_6867017856698709_7695735959945723597_n.jpg","width":754,"height":520},{"@type":"BreadcrumbList","@id":"https:\/\/vincentbouget.com\/index.php\/2023\/12\/09\/maison-saurel-maison-de-lunesco\/#breadcrumb","itemListElement":[{"@type":"ListItem","position":1,"name":"Accueil","item":"https:\/\/vincentbouget.com\/"},{"@type":"ListItem","position":2,"name":"Maison Saurel, maison de l\u2019UNESCO"}]},{"@type":"WebSite","@id":"https:\/\/vincentbouget.com\/#website","url":"https:\/\/vincentbouget.com\/","name":"Le Blog de Vincent Bouget","description":"&quot;Le courage, c&#039;est d&#039;aller \u00e0 l&#039;id\u00e9al et de comprendre le r\u00e9el&quot; Jean Jaur\u00e8s","publisher":{"@id":"https:\/\/vincentbouget.com\/#\/schema\/person\/a9d7fc5df1fd0b936efa366d917deafc"},"potentialAction":[{"@type":"SearchAction","target":{"@type":"EntryPoint","urlTemplate":"https:\/\/vincentbouget.com\/?s={search_term_string}"},"query-input":{"@type":"PropertyValueSpecification","valueRequired":true,"valueName":"search_term_string"}}],"inLanguage":"fr-FR"},{"@type":["Person","Organization"],"@id":"https:\/\/vincentbouget.com\/#\/schema\/person\/a9d7fc5df1fd0b936efa366d917deafc","name":"Vincent Bouget","image":{"@type":"ImageObject","inLanguage":"fr-FR","@id":"https:\/\/vincentbouget.com\/#\/schema\/person\/image\/","url":"https:\/\/vincentbouget.com\/wp-content\/uploads\/2022\/10\/cropped-Vincent-Bouget-1-1.jpg","contentUrl":"https:\/\/vincentbouget.com\/wp-content\/uploads\/2022\/10\/cropped-Vincent-Bouget-1-1.jpg","width":240,"height":240,"caption":"Vincent Bouget"},"logo":{"@id":"https:\/\/vincentbouget.com\/#\/schema\/person\/image\/"},"sameAs":["http:\/\/vincentbouget.com"],"url":"https:\/\/vincentbouget.com\/index.php\/author\/admin3954\/"}]}},"_links":{"self":[{"href":"https:\/\/vincentbouget.com\/index.php\/wp-json\/wp\/v2\/posts\/671","targetHints":{"allow":["GET"]}}],"collection":[{"href":"https:\/\/vincentbouget.com\/index.php\/wp-json\/wp\/v2\/posts"}],"about":[{"href":"https:\/\/vincentbouget.com\/index.php\/wp-json\/wp\/v2\/types\/post"}],"author":[{"embeddable":true,"href":"https:\/\/vincentbouget.com\/index.php\/wp-json\/wp\/v2\/users\/1"}],"replies":[{"embeddable":true,"href":"https:\/\/vincentbouget.com\/index.php\/wp-json\/wp\/v2\/comments?post=671"}],"version-history":[{"count":1,"href":"https:\/\/vincentbouget.com\/index.php\/wp-json\/wp\/v2\/posts\/671\/revisions"}],"predecessor-version":[{"id":674,"href":"https:\/\/vincentbouget.com\/index.php\/wp-json\/wp\/v2\/posts\/671\/revisions\/674"}],"wp:featuredmedia":[{"embeddable":true,"href":"https:\/\/vincentbouget.com\/index.php\/wp-json\/wp\/v2\/media\/672"}],"wp:attachment":[{"href":"https:\/\/vincentbouget.com\/index.php\/wp-json\/wp\/v2\/media?parent=671"}],"wp:term":[{"taxonomy":"category","embeddable":true,"href":"https:\/\/vincentbouget.com\/index.php\/wp-json\/wp\/v2\/categories?post=671"},{"taxonomy":"post_tag","embeddable":true,"href":"https:\/\/vincentbouget.com\/index.php\/wp-json\/wp\/v2\/tags?post=671"}],"curies":[{"name":"wp","href":"https:\/\/api.w.org\/{rel}","templated":true}]}}