{"id":681,"date":"2023-12-16T09:04:38","date_gmt":"2023-12-16T08:04:38","guid":{"rendered":"http:\/\/vincentbouget.com\/?p=681"},"modified":"2023-12-16T09:04:38","modified_gmt":"2023-12-16T08:04:38","slug":"ce-budget-nincarne-ni-la-vie-ni-les-aspirations-des-nimois","status":"publish","type":"post","link":"https:\/\/vincentbouget.com\/index.php\/2023\/12\/16\/ce-budget-nincarne-ni-la-vie-ni-les-aspirations-des-nimois\/","title":{"rendered":"\u00ab\u00a0Ce budget n\u2019incarne ni la vie, ni les aspirations des N\u00eemois.\u00a0\u00bb"},"content":{"rendered":"\n<p>Monsieur le maire, monsieur le rapporteur, cher.e.s coll\u00e8gues<\/p>\n\n\n\n<p>Peu de surprise au regard de votre rapport d\u2019orientation budg\u00e9taire \u00e0 la lecture de ce budget primitif 2024, qui&nbsp;confirme&nbsp;donc vos choix politiques.&nbsp;<\/p>\n\n\n\n<p>Dans les grands \u00e9quilibres, comme nous l\u2019avions \u00e9voqu\u00e9 dans le d\u00e9bat d\u2019orientation budg\u00e9taire, le contexte financier contraint doit nous conduire \u00e0 de la vigilance pour \u00e0 l\u2019avenir maitriser un endettement qui repart&nbsp;\u00e0 la hausse, certes l\u00e9g\u00e8rement,&nbsp;depuis 2021.&nbsp;Vous pr\u00e9voyez&nbsp;9M de cessions d\u2019immobilisations (peut-on savoir lesquelles&nbsp;?) sans lesquelles il faudra recourir davantage encore \u00e0 l\u2019emprunt.&nbsp;<\/p>\n\n\n\n<p>Pour ce qui est des d\u00e9penses de fonctionnement,&nbsp;qui indiquent le niveau de service public rendu aux N\u00eemoises et aux N\u00eemois, nous voulons \u00e0 nouveau dire&nbsp;notre&nbsp;inqui\u00e9tude sur le niveau des subventions de fonctionnement. Elles \u00e9taient \u00e0 la baisse l\u2019ann\u00e9e derni\u00e8re, elles sont stables cette ann\u00e9e, \u00e0 hauteur de 17,3M d\u2019euros. Pourtant les besoins sont grands.&nbsp;Alors que la subvention de fonctionnement au Carr\u00e9 d\u2019Art est toujours au m\u00eame niveau, vous avez fini par augmenter un peu les subventions de fonctionnement aux institutions n\u00eemoises que sont le th\u00e9\u00e2tre&nbsp;ou l\u2019ESBAN, mais les baisses des derni\u00e8res ann\u00e9es ont pes\u00e9 fortement.&nbsp;<\/p>\n\n\n\n<p>&#8211;&nbsp;Pour le th\u00e9\u00e2tre, il semble que vous ayez attendu le d\u00e9part de l\u2019ancienne direction pour remettre de l\u2019argent et faire repartir les budgets \u00e0 la hausse mais nous sommes encore \u00e0 un niveau inf\u00e9rieur \u00e0 2019\u2026&nbsp;A ce sujet,&nbsp;la direction du th\u00e9\u00e2tre a-t-elled\u00e9cid\u00e9e d\u2019arr\u00eater&nbsp;la production d\u00e9l\u00e9gu\u00e9e l\u2019ann\u00e9e prochaine&nbsp;?&nbsp;Attention, c\u2019est un des crit\u00e8res au cahier des charges pour l\u2019obtention du label sc\u00e8ne nationale.&nbsp;<\/p>\n\n\n\n<p>&#8211;&nbsp;Pour l\u2019Esban, nous retrouvons&nbsp;\u00e0 peine&nbsp;le niveau de 2019&nbsp;alors que&nbsp;depuis 4 ans c\u2019\u00e9tait&nbsp;le r\u00e9gime sec (-900&nbsp;000 euros&nbsp;cumul\u00e9s). L\u2019augmentation de 140&nbsp;000 n\u2019est que le minimum vital pour cette structure d\u2019enseignement sup\u00e9rieur reconnue mais qui souffre depuis quelques ann\u00e9es. Il faudrait 300&nbsp;000 de plus pour que l\u2019Ecole puisse tourner correctement&nbsp;car depuis 2019, les fluides ont augment\u00e9 comme le point d\u2019indice. A la rentr\u00e9e de septembre&nbsp;2023, des workshops ont d\u00fb \u00eatre annul\u00e9s faute&nbsp;de budget. Je veux souligner aussi les difficult\u00e9s li\u00e9es aux travaux sur&nbsp;\u00ab&nbsp;l\u2019Espace&nbsp;Cr\u00e9ation&nbsp;\u00bb&nbsp;qui ont du retard et qui ont amen\u00e9 \u00e0 la suppression de nombreuses heures de pratiques pour les \u00e9tudiants. Il devait y avoir une solution de relogement, il n\u2019y&nbsp;en&nbsp;a pas eu, c\u2019est inqui\u00e9tant.&nbsp;Comme l\u2019\u00e9tat des locaux du Chapitre dont la r\u00e9novation n\u2019est toujours pas pr\u00e9vue.<\/p>\n\n\n\n<p>Plus largement, le monde associatif qui fait la richesse de notre cit\u00e9, qui permet le bien vivre ensemble,&nbsp;l\u2019\u00e9panouissement individuel et collectif,&nbsp;souffre de financements bloqu\u00e9s. Pour certaines structures, nous craignons les mauvaises surprises. Il ne faudrait pas que les associations culturelles notamment, qui inscrivent leur travail sur le long cours, qui fabriquent la ville au quotidien,&nbsp;il ne faudrait pas&nbsp;que ces associations&nbsp;donc&nbsp;(comme les institutions culturelles) soient en difficult\u00e9s&nbsp;alors que se tient&nbsp;la 1<sup>\u00e8re<\/sup>&nbsp;triennale d\u2019art contemporain pour laquelle la Ville va d\u00e9penser pr\u00e8s d\u20191,5 million d\u2019euros. Si s\u00e9duisant soit le programme (et nous ne d\u00e9sesp\u00e9rons pas d\u2019en avoir une pr\u00e9sentation), il ne faudrait pas que l\u2019on consid\u00e8re qu\u2019un \u00e9v\u00e8nement,&nbsp;qui dure 2 mois tous les 3 ans,&nbsp;compromette&nbsp;l\u2019activit\u00e9&nbsp;et le d\u00e9veloppement des structures locales&nbsp;qui agissent au quotidien avec les N\u00eemois.&nbsp;<\/p>\n\n\n\n<p>Peut-\u00eatre que la baisse des contributions au SDIS&nbsp;(9M au lieu de 9,3M donc -300&nbsp;000 euros l\u2019ann\u00e9e prochaine, baisse qui va se poursuivre jusqu\u2019en 2031) pourrait permettre de soulager certains.&nbsp;<\/p>\n\n\n\n<p>Pour ce qui est de l\u2019investissement,&nbsp;dont le niveau&nbsp;est en r\u00e9alit\u00e9 quasi-identique \u00e0 celui de l\u2019ann\u00e9e derni\u00e8re si l\u2019on soustrait les d\u00e9penses d\u2019ordre qui gonfle artificiellement le chiffre&nbsp;(politique d\u2019affichage), nous ne pouvons que constater,&nbsp;\u00e0 nouveau,&nbsp;le poids du Palais des Congr\u00e8s,&nbsp;\u00e0 savoir&nbsp;pr\u00e8s de 20% des d\u00e9penses r\u00e9elles d\u2019investissement. Vous faites&nbsp;donc&nbsp;le choix d\u2019abandonner un certain nombre d\u2019investissements n\u00e9cessaires et urgents au profit d\u2019un b\u00e2timent&nbsp;\u00ab&nbsp;de prestige&nbsp;\u00bb&nbsp;mais qui risque de plomber durablement les finances de la ville\u2026<\/p>\n\n\n\n<p>Nous aurions aim\u00e9 que les efforts soient port\u00e9s sur la r\u00e9novation des b\u00e2timents scolaires, des \u00e9quipements culturels (th\u00e9\u00e2tre Bernadette Lafont, Od\u00e9on) mais aussi des \u00e9quipements sportifs&nbsp;car malgr\u00e9 quelques r\u00e9novations&nbsp;et la Halle des Sports, nous en manquonsdans la proximit\u00e9. A ce sujet, pourquoi ne pas r\u00e9habiliter le&nbsp;gymnase Condorcet&nbsp;?&nbsp;. Nous le redisons une partie du patrimoine de la ville reste \u00e0 l\u2019abandon (h\u00f4tel&nbsp;S\u00e9guier, maison avocats des pauvres, conservatoire&nbsp;-nous avions signal\u00e9 l\u2019\u00e9tat de d\u00e9gradation du site des Chassaintes qui vient de connaitre une panne de chaudi\u00e8re-, et bient\u00f4t le stade des Costi\u00e8res\u2026).&nbsp;Vous auriez pu vous&nbsp;engager avec plus de force dans la r\u00e9novation thermique de nos b\u00e2timents&nbsp;et plus largement avec plus de force dans la n\u00e9cessaire transition \u00e9cologique. Et&nbsp;m\u00eame si les 11M programm\u00e9s sont une somme cons\u00e9quente, vous auriez pu&nbsp;investir davantage encore dans une voirie tr\u00e8s d\u00e9grad\u00e9e&nbsp;tant&nbsp;le retard accumul\u00e9 est important et p\u00e9nalisant.<\/p>\n\n\n\n<p>Vous auriez pu choisir d\u2019investir&nbsp;dans&nbsp;des \u00e9quipements utiles aux habitants car en dehors des circuits du tourisme de loisirs ou du tourisme d\u2019affaires, il y a une ville \u00e0 vivre au quotidien et vous semblez l\u2019oublier.&nbsp;<\/p>\n\n\n\n<p>Les \u00e9quipements de prestige comme le Palais des Congr\u00e8s, les h\u00f4tels de luxe ne viennent pas r\u00e9pondre aux besoins du quotidien de notre population. C\u2019est \u00e0 la vie r\u00e9elle des habitants de la ville qu\u2019il nous faut \u00eatre attentif, pas simplement au confort&nbsp;de nos potentiels visiteurs. Le constat que nous faisons depuis le d\u00e9but du&nbsp;mandat&nbsp;se confirme et s\u2019aggrave.&nbsp;<\/p>\n\n\n\n<p>Nous esp\u00e9rons que les travaux du NPNRU s\u2019engagent rapidement.&nbsp;Si le budget augmente cette ann\u00e9e (26M contre 24M pour le BP 2023), l\u2019investissement recule (17,3M contre 19M pour BP 2023)\u2026 Ce n\u2019est pas tr\u00e8s encourageant.&nbsp;La situation \u00e0 Pissevin reste tr\u00e8s difficile pour des milliers de nos concitoyens. En plus des trafics, les retards pris dans la r\u00e9novation, les probl\u00e8mes de connexion internet (qui contraignent fortement notamment en cas de t\u00e9l\u00e9travail), mais aussi les r\u00e9ductions de services publics ne sont pas acceptables. Nous demandons la r\u00e9ouverture de la m\u00e9diath\u00e8que,&nbsp;ainsi que&nbsp;le r\u00e9tablissement des horaires d\u2019accueils p\u00e9ri-scolaires. Enfin il n\u2019est pas acceptable de voir le d\u00e9lai&nbsp;n\u00e9cessaire&nbsp;pour l\u2019installation d\u2019alg\u00e9cos pour les m\u00e9decins\u2026 cela fait des mois que nous en parlons&nbsp;!&nbsp;<\/p>\n\n\n\n<p>M. le maire, cher.e.s coll\u00e8gue,&nbsp;N\u00eemes n\u2019est pas qu\u2019une destination touristique,&nbsp;un parc d\u2019attraction,&nbsp;am\u00e9nag\u00e9 au frais du contribuable pour servir&nbsp;bien souvent en plus&nbsp;des&nbsp;gros&nbsp;int\u00e9r\u00eats priv\u00e9s. N\u00eemes est&nbsp;une ville \u00e0 vivre au quotidien pour une population qui souhaite&nbsp;pouvoir&nbsp;\u00e9tudier, travailler, se d\u00e9placer,&nbsp;se cultiver,&nbsp;cr\u00e9er, \u00e9changer,&nbsp;entreprendre,&nbsp;partager, une population qui souhaite prendre soin de ses ain\u00e9s, une population qui est attentive au bien-\u00eatre de ses enfants, une population qui souhaite de plus en plus coconstruire sa ville\u2026&nbsp;<\/p>\n\n\n\n<p>Ce budget n\u2019incarne ni la vie, ni les aspirations des N\u00eemois.\u00a0Vous comprendrez\u00a0donc\u00a0que nous ne\u00a0le voterons pas.\u00a0<\/p>\n","protected":false},"excerpt":{"rendered":"<p>Intervention au conseil municipal de N\u00eemes le samedi 16 d\u00e9cembre 2023, \u00e0 propos du budget 2024.  <a href=\"https:\/\/vincentbouget.com\/index.php\/2023\/12\/16\/ce-budget-nincarne-ni-la-vie-ni-les-aspirations-des-nimois\/\" class=\"more-link\">Continuer de lire <span class=\"screen-reader-text\">\u00ab\u00a0Ce budget n\u2019incarne ni la vie, ni les aspirations des N\u00eemois.\u00a0\u00bb<\/span><\/a><\/p>\n","protected":false},"author":1,"featured_media":682,"comment_status":"open","ping_status":"open","sticky":false,"template":"","format":"standard","meta":{"footnotes":""},"categories":[11],"tags":[101,93,45,15],"class_list":["post-681","post","type-post","status-publish","format-standard","has-post-thumbnail","hentry","category-ville-de-nimes-nimes-metropole","tag-101","tag-budget","tag-gard","tag-nimes"],"yoast_head":"<!-- This site is optimized with the Yoast SEO plugin v24.2 - https:\/\/yoast.com\/wordpress\/plugins\/seo\/ -->\n<title>\u00ab\u00a0Ce budget n\u2019incarne ni la vie, ni les aspirations des N\u00eemois.\u00a0\u00bb - Le Blog de Vincent Bouget<\/title>\n<meta name=\"robots\" content=\"index, follow, max-snippet:-1, max-image-preview:large, max-video-preview:-1\" \/>\n<link rel=\"canonical\" href=\"https:\/\/vincentbouget.com\/index.php\/2023\/12\/16\/ce-budget-nincarne-ni-la-vie-ni-les-aspirations-des-nimois\/\" \/>\n<meta property=\"og:locale\" content=\"fr_FR\" \/>\n<meta property=\"og:type\" content=\"article\" \/>\n<meta property=\"og:title\" content=\"\u00ab\u00a0Ce budget n\u2019incarne ni la vie, ni les aspirations des N\u00eemois.\u00a0\u00bb - Le Blog de Vincent Bouget\" \/>\n<meta property=\"og:description\" content=\"Intervention au conseil municipal de N\u00eemes le samedi 16 d\u00e9cembre 2023, \u00e0 propos du budget 2024.\" \/>\n<meta property=\"og:url\" content=\"https:\/\/vincentbouget.com\/index.php\/2023\/12\/16\/ce-budget-nincarne-ni-la-vie-ni-les-aspirations-des-nimois\/\" \/>\n<meta property=\"og:site_name\" content=\"Le Blog de Vincent Bouget\" \/>\n<meta property=\"article:published_time\" content=\"2023-12-16T08:04:38+00:00\" \/>\n<meta property=\"og:image\" content=\"https:\/\/vincentbouget.com\/wp-content\/uploads\/2023\/12\/2D130906-09B9-411C-AB40-DA340B24688F.jpeg\" \/>\n\t<meta property=\"og:image:width\" content=\"1125\" \/>\n\t<meta property=\"og:image:height\" content=\"1376\" \/>\n\t<meta property=\"og:image:type\" content=\"image\/jpeg\" \/>\n<meta name=\"author\" content=\"Vincent Bouget\" \/>\n<meta name=\"twitter:card\" content=\"summary_large_image\" \/>\n<meta name=\"twitter:label1\" content=\"\u00c9crit par\" \/>\n\t<meta name=\"twitter:data1\" content=\"Vincent Bouget\" \/>\n\t<meta name=\"twitter:label2\" content=\"Dur\u00e9e de lecture estim\u00e9e\" \/>\n\t<meta name=\"twitter:data2\" content=\"7 minutes\" \/>\n<script type=\"application\/ld+json\" class=\"yoast-schema-graph\">{\"@context\":\"https:\/\/schema.org\",\"@graph\":[{\"@type\":\"Article\",\"@id\":\"https:\/\/vincentbouget.com\/index.php\/2023\/12\/16\/ce-budget-nincarne-ni-la-vie-ni-les-aspirations-des-nimois\/#article\",\"isPartOf\":{\"@id\":\"https:\/\/vincentbouget.com\/index.php\/2023\/12\/16\/ce-budget-nincarne-ni-la-vie-ni-les-aspirations-des-nimois\/\"},\"author\":{\"name\":\"Vincent Bouget\",\"@id\":\"https:\/\/vincentbouget.com\/#\/schema\/person\/a9d7fc5df1fd0b936efa366d917deafc\"},\"headline\":\"\u00ab\u00a0Ce budget n\u2019incarne ni la vie, ni les aspirations des N\u00eemois.\u00a0\u00bb\",\"datePublished\":\"2023-12-16T08:04:38+00:00\",\"dateModified\":\"2023-12-16T08:04:38+00:00\",\"mainEntityOfPage\":{\"@id\":\"https:\/\/vincentbouget.com\/index.php\/2023\/12\/16\/ce-budget-nincarne-ni-la-vie-ni-les-aspirations-des-nimois\/\"},\"wordCount\":1408,\"commentCount\":0,\"publisher\":{\"@id\":\"https:\/\/vincentbouget.com\/#\/schema\/person\/a9d7fc5df1fd0b936efa366d917deafc\"},\"image\":{\"@id\":\"https:\/\/vincentbouget.com\/index.php\/2023\/12\/16\/ce-budget-nincarne-ni-la-vie-ni-les-aspirations-des-nimois\/#primaryimage\"},\"thumbnailUrl\":\"https:\/\/vincentbouget.com\/wp-content\/uploads\/2023\/12\/2D130906-09B9-411C-AB40-DA340B24688F.jpeg\",\"keywords\":[\"2024\",\"Budget\",\"gard\",\"Nimes\"],\"articleSection\":[\"Ville de N\u00eemes \/ N\u00eemes M\u00e9tropole\"],\"inLanguage\":\"fr-FR\",\"potentialAction\":[{\"@type\":\"CommentAction\",\"name\":\"Comment\",\"target\":[\"https:\/\/vincentbouget.com\/index.php\/2023\/12\/16\/ce-budget-nincarne-ni-la-vie-ni-les-aspirations-des-nimois\/#respond\"]}]},{\"@type\":\"WebPage\",\"@id\":\"https:\/\/vincentbouget.com\/index.php\/2023\/12\/16\/ce-budget-nincarne-ni-la-vie-ni-les-aspirations-des-nimois\/\",\"url\":\"https:\/\/vincentbouget.com\/index.php\/2023\/12\/16\/ce-budget-nincarne-ni-la-vie-ni-les-aspirations-des-nimois\/\",\"name\":\"\u00ab\u00a0Ce budget n\u2019incarne ni la vie, ni les aspirations des N\u00eemois.\u00a0\u00bb - Le Blog de Vincent Bouget\",\"isPartOf\":{\"@id\":\"https:\/\/vincentbouget.com\/#website\"},\"primaryImageOfPage\":{\"@id\":\"https:\/\/vincentbouget.com\/index.php\/2023\/12\/16\/ce-budget-nincarne-ni-la-vie-ni-les-aspirations-des-nimois\/#primaryimage\"},\"image\":{\"@id\":\"https:\/\/vincentbouget.com\/index.php\/2023\/12\/16\/ce-budget-nincarne-ni-la-vie-ni-les-aspirations-des-nimois\/#primaryimage\"},\"thumbnailUrl\":\"https:\/\/vincentbouget.com\/wp-content\/uploads\/2023\/12\/2D130906-09B9-411C-AB40-DA340B24688F.jpeg\",\"datePublished\":\"2023-12-16T08:04:38+00:00\",\"dateModified\":\"2023-12-16T08:04:38+00:00\",\"breadcrumb\":{\"@id\":\"https:\/\/vincentbouget.com\/index.php\/2023\/12\/16\/ce-budget-nincarne-ni-la-vie-ni-les-aspirations-des-nimois\/#breadcrumb\"},\"inLanguage\":\"fr-FR\",\"potentialAction\":[{\"@type\":\"ReadAction\",\"target\":[\"https:\/\/vincentbouget.com\/index.php\/2023\/12\/16\/ce-budget-nincarne-ni-la-vie-ni-les-aspirations-des-nimois\/\"]}]},{\"@type\":\"ImageObject\",\"inLanguage\":\"fr-FR\",\"@id\":\"https:\/\/vincentbouget.com\/index.php\/2023\/12\/16\/ce-budget-nincarne-ni-la-vie-ni-les-aspirations-des-nimois\/#primaryimage\",\"url\":\"https:\/\/vincentbouget.com\/wp-content\/uploads\/2023\/12\/2D130906-09B9-411C-AB40-DA340B24688F.jpeg\",\"contentUrl\":\"https:\/\/vincentbouget.com\/wp-content\/uploads\/2023\/12\/2D130906-09B9-411C-AB40-DA340B24688F.jpeg\",\"width\":1125,\"height\":1376},{\"@type\":\"BreadcrumbList\",\"@id\":\"https:\/\/vincentbouget.com\/index.php\/2023\/12\/16\/ce-budget-nincarne-ni-la-vie-ni-les-aspirations-des-nimois\/#breadcrumb\",\"itemListElement\":[{\"@type\":\"ListItem\",\"position\":1,\"name\":\"Accueil\",\"item\":\"https:\/\/vincentbouget.com\/\"},{\"@type\":\"ListItem\",\"position\":2,\"name\":\"\u00ab\u00a0Ce budget n\u2019incarne ni la vie, ni les aspirations des N\u00eemois.\u00a0\u00bb\"}]},{\"@type\":\"WebSite\",\"@id\":\"https:\/\/vincentbouget.com\/#website\",\"url\":\"https:\/\/vincentbouget.com\/\",\"name\":\"Le Blog de Vincent Bouget\",\"description\":\"&quot;Le courage, c&#039;est d&#039;aller \u00e0 l&#039;id\u00e9al et de comprendre le r\u00e9el&quot; Jean Jaur\u00e8s\",\"publisher\":{\"@id\":\"https:\/\/vincentbouget.com\/#\/schema\/person\/a9d7fc5df1fd0b936efa366d917deafc\"},\"potentialAction\":[{\"@type\":\"SearchAction\",\"target\":{\"@type\":\"EntryPoint\",\"urlTemplate\":\"https:\/\/vincentbouget.com\/?s={search_term_string}\"},\"query-input\":{\"@type\":\"PropertyValueSpecification\",\"valueRequired\":true,\"valueName\":\"search_term_string\"}}],\"inLanguage\":\"fr-FR\"},{\"@type\":[\"Person\",\"Organization\"],\"@id\":\"https:\/\/vincentbouget.com\/#\/schema\/person\/a9d7fc5df1fd0b936efa366d917deafc\",\"name\":\"Vincent Bouget\",\"image\":{\"@type\":\"ImageObject\",\"inLanguage\":\"fr-FR\",\"@id\":\"https:\/\/vincentbouget.com\/#\/schema\/person\/image\/\",\"url\":\"https:\/\/vincentbouget.com\/wp-content\/uploads\/2022\/10\/cropped-Vincent-Bouget-1-1.jpg\",\"contentUrl\":\"https:\/\/vincentbouget.com\/wp-content\/uploads\/2022\/10\/cropped-Vincent-Bouget-1-1.jpg\",\"width\":240,\"height\":240,\"caption\":\"Vincent Bouget\"},\"logo\":{\"@id\":\"https:\/\/vincentbouget.com\/#\/schema\/person\/image\/\"},\"sameAs\":[\"http:\/\/vincentbouget.com\"],\"url\":\"https:\/\/vincentbouget.com\/index.php\/author\/admin3954\/\"}]}<\/script>\n<!-- \/ Yoast SEO plugin. -->","yoast_head_json":{"title":"\u00ab\u00a0Ce budget n\u2019incarne ni la vie, ni les aspirations des N\u00eemois.\u00a0\u00bb - Le Blog de Vincent Bouget","robots":{"index":"index","follow":"follow","max-snippet":"max-snippet:-1","max-image-preview":"max-image-preview:large","max-video-preview":"max-video-preview:-1"},"canonical":"https:\/\/vincentbouget.com\/index.php\/2023\/12\/16\/ce-budget-nincarne-ni-la-vie-ni-les-aspirations-des-nimois\/","og_locale":"fr_FR","og_type":"article","og_title":"\u00ab\u00a0Ce budget n\u2019incarne ni la vie, ni les aspirations des N\u00eemois.\u00a0\u00bb - Le Blog de Vincent Bouget","og_description":"Intervention au conseil municipal de N\u00eemes le samedi 16 d\u00e9cembre 2023, \u00e0 propos du budget 2024.","og_url":"https:\/\/vincentbouget.com\/index.php\/2023\/12\/16\/ce-budget-nincarne-ni-la-vie-ni-les-aspirations-des-nimois\/","og_site_name":"Le Blog de Vincent Bouget","article_published_time":"2023-12-16T08:04:38+00:00","og_image":[{"width":1125,"height":1376,"url":"https:\/\/vincentbouget.com\/wp-content\/uploads\/2023\/12\/2D130906-09B9-411C-AB40-DA340B24688F.jpeg","type":"image\/jpeg"}],"author":"Vincent Bouget","twitter_card":"summary_large_image","twitter_misc":{"\u00c9crit par":"Vincent Bouget","Dur\u00e9e de lecture estim\u00e9e":"7 minutes"},"schema":{"@context":"https:\/\/schema.org","@graph":[{"@type":"Article","@id":"https:\/\/vincentbouget.com\/index.php\/2023\/12\/16\/ce-budget-nincarne-ni-la-vie-ni-les-aspirations-des-nimois\/#article","isPartOf":{"@id":"https:\/\/vincentbouget.com\/index.php\/2023\/12\/16\/ce-budget-nincarne-ni-la-vie-ni-les-aspirations-des-nimois\/"},"author":{"name":"Vincent Bouget","@id":"https:\/\/vincentbouget.com\/#\/schema\/person\/a9d7fc5df1fd0b936efa366d917deafc"},"headline":"\u00ab\u00a0Ce budget n\u2019incarne ni la vie, ni les aspirations des N\u00eemois.\u00a0\u00bb","datePublished":"2023-12-16T08:04:38+00:00","dateModified":"2023-12-16T08:04:38+00:00","mainEntityOfPage":{"@id":"https:\/\/vincentbouget.com\/index.php\/2023\/12\/16\/ce-budget-nincarne-ni-la-vie-ni-les-aspirations-des-nimois\/"},"wordCount":1408,"commentCount":0,"publisher":{"@id":"https:\/\/vincentbouget.com\/#\/schema\/person\/a9d7fc5df1fd0b936efa366d917deafc"},"image":{"@id":"https:\/\/vincentbouget.com\/index.php\/2023\/12\/16\/ce-budget-nincarne-ni-la-vie-ni-les-aspirations-des-nimois\/#primaryimage"},"thumbnailUrl":"https:\/\/vincentbouget.com\/wp-content\/uploads\/2023\/12\/2D130906-09B9-411C-AB40-DA340B24688F.jpeg","keywords":["2024","Budget","gard","Nimes"],"articleSection":["Ville de N\u00eemes \/ N\u00eemes M\u00e9tropole"],"inLanguage":"fr-FR","potentialAction":[{"@type":"CommentAction","name":"Comment","target":["https:\/\/vincentbouget.com\/index.php\/2023\/12\/16\/ce-budget-nincarne-ni-la-vie-ni-les-aspirations-des-nimois\/#respond"]}]},{"@type":"WebPage","@id":"https:\/\/vincentbouget.com\/index.php\/2023\/12\/16\/ce-budget-nincarne-ni-la-vie-ni-les-aspirations-des-nimois\/","url":"https:\/\/vincentbouget.com\/index.php\/2023\/12\/16\/ce-budget-nincarne-ni-la-vie-ni-les-aspirations-des-nimois\/","name":"\u00ab\u00a0Ce budget n\u2019incarne ni la vie, ni les aspirations des N\u00eemois.\u00a0\u00bb - Le Blog de Vincent Bouget","isPartOf":{"@id":"https:\/\/vincentbouget.com\/#website"},"primaryImageOfPage":{"@id":"https:\/\/vincentbouget.com\/index.php\/2023\/12\/16\/ce-budget-nincarne-ni-la-vie-ni-les-aspirations-des-nimois\/#primaryimage"},"image":{"@id":"https:\/\/vincentbouget.com\/index.php\/2023\/12\/16\/ce-budget-nincarne-ni-la-vie-ni-les-aspirations-des-nimois\/#primaryimage"},"thumbnailUrl":"https:\/\/vincentbouget.com\/wp-content\/uploads\/2023\/12\/2D130906-09B9-411C-AB40-DA340B24688F.jpeg","datePublished":"2023-12-16T08:04:38+00:00","dateModified":"2023-12-16T08:04:38+00:00","breadcrumb":{"@id":"https:\/\/vincentbouget.com\/index.php\/2023\/12\/16\/ce-budget-nincarne-ni-la-vie-ni-les-aspirations-des-nimois\/#breadcrumb"},"inLanguage":"fr-FR","potentialAction":[{"@type":"ReadAction","target":["https:\/\/vincentbouget.com\/index.php\/2023\/12\/16\/ce-budget-nincarne-ni-la-vie-ni-les-aspirations-des-nimois\/"]}]},{"@type":"ImageObject","inLanguage":"fr-FR","@id":"https:\/\/vincentbouget.com\/index.php\/2023\/12\/16\/ce-budget-nincarne-ni-la-vie-ni-les-aspirations-des-nimois\/#primaryimage","url":"https:\/\/vincentbouget.com\/wp-content\/uploads\/2023\/12\/2D130906-09B9-411C-AB40-DA340B24688F.jpeg","contentUrl":"https:\/\/vincentbouget.com\/wp-content\/uploads\/2023\/12\/2D130906-09B9-411C-AB40-DA340B24688F.jpeg","width":1125,"height":1376},{"@type":"BreadcrumbList","@id":"https:\/\/vincentbouget.com\/index.php\/2023\/12\/16\/ce-budget-nincarne-ni-la-vie-ni-les-aspirations-des-nimois\/#breadcrumb","itemListElement":[{"@type":"ListItem","position":1,"name":"Accueil","item":"https:\/\/vincentbouget.com\/"},{"@type":"ListItem","position":2,"name":"\u00ab\u00a0Ce budget n\u2019incarne ni la vie, ni les aspirations des N\u00eemois.\u00a0\u00bb"}]},{"@type":"WebSite","@id":"https:\/\/vincentbouget.com\/#website","url":"https:\/\/vincentbouget.com\/","name":"Le Blog de Vincent Bouget","description":"&quot;Le courage, c&#039;est d&#039;aller \u00e0 l&#039;id\u00e9al et de comprendre le r\u00e9el&quot; Jean Jaur\u00e8s","publisher":{"@id":"https:\/\/vincentbouget.com\/#\/schema\/person\/a9d7fc5df1fd0b936efa366d917deafc"},"potentialAction":[{"@type":"SearchAction","target":{"@type":"EntryPoint","urlTemplate":"https:\/\/vincentbouget.com\/?s={search_term_string}"},"query-input":{"@type":"PropertyValueSpecification","valueRequired":true,"valueName":"search_term_string"}}],"inLanguage":"fr-FR"},{"@type":["Person","Organization"],"@id":"https:\/\/vincentbouget.com\/#\/schema\/person\/a9d7fc5df1fd0b936efa366d917deafc","name":"Vincent Bouget","image":{"@type":"ImageObject","inLanguage":"fr-FR","@id":"https:\/\/vincentbouget.com\/#\/schema\/person\/image\/","url":"https:\/\/vincentbouget.com\/wp-content\/uploads\/2022\/10\/cropped-Vincent-Bouget-1-1.jpg","contentUrl":"https:\/\/vincentbouget.com\/wp-content\/uploads\/2022\/10\/cropped-Vincent-Bouget-1-1.jpg","width":240,"height":240,"caption":"Vincent Bouget"},"logo":{"@id":"https:\/\/vincentbouget.com\/#\/schema\/person\/image\/"},"sameAs":["http:\/\/vincentbouget.com"],"url":"https:\/\/vincentbouget.com\/index.php\/author\/admin3954\/"}]}},"_links":{"self":[{"href":"https:\/\/vincentbouget.com\/index.php\/wp-json\/wp\/v2\/posts\/681","targetHints":{"allow":["GET"]}}],"collection":[{"href":"https:\/\/vincentbouget.com\/index.php\/wp-json\/wp\/v2\/posts"}],"about":[{"href":"https:\/\/vincentbouget.com\/index.php\/wp-json\/wp\/v2\/types\/post"}],"author":[{"embeddable":true,"href":"https:\/\/vincentbouget.com\/index.php\/wp-json\/wp\/v2\/users\/1"}],"replies":[{"embeddable":true,"href":"https:\/\/vincentbouget.com\/index.php\/wp-json\/wp\/v2\/comments?post=681"}],"version-history":[{"count":1,"href":"https:\/\/vincentbouget.com\/index.php\/wp-json\/wp\/v2\/posts\/681\/revisions"}],"predecessor-version":[{"id":683,"href":"https:\/\/vincentbouget.com\/index.php\/wp-json\/wp\/v2\/posts\/681\/revisions\/683"}],"wp:featuredmedia":[{"embeddable":true,"href":"https:\/\/vincentbouget.com\/index.php\/wp-json\/wp\/v2\/media\/682"}],"wp:attachment":[{"href":"https:\/\/vincentbouget.com\/index.php\/wp-json\/wp\/v2\/media?parent=681"}],"wp:term":[{"taxonomy":"category","embeddable":true,"href":"https:\/\/vincentbouget.com\/index.php\/wp-json\/wp\/v2\/categories?post=681"},{"taxonomy":"post_tag","embeddable":true,"href":"https:\/\/vincentbouget.com\/index.php\/wp-json\/wp\/v2\/tags?post=681"}],"curies":[{"name":"wp","href":"https:\/\/api.w.org\/{rel}","templated":true}]}}