{"id":722,"date":"2024-03-03T20:59:04","date_gmt":"2024-03-03T19:59:04","guid":{"rendered":"http:\/\/vincentbouget.com\/?p=722"},"modified":"2024-03-03T20:59:04","modified_gmt":"2024-03-03T19:59:04","slug":"sortir-de-la-peur-apaiser-retrouver-le-cours-normal-dune-vie","status":"publish","type":"post","link":"https:\/\/vincentbouget.com\/index.php\/2024\/03\/03\/sortir-de-la-peur-apaiser-retrouver-le-cours-normal-dune-vie\/","title":{"rendered":"Sortir de la peur, apaiser, retrouver le cours normal d\u2019une vie."},"content":{"rendered":"\n<p>[chemin-bas d\u2019Avignon- \u00e9cole Bruguier]<\/p>\n\n\n\n<p>Une semaine depuis le retour des vacances. Et une situation toujours aussi difficile au Chemin-Bas d\u2019Avignon, et notamment autour de l\u2019\u00e9cole Bruguier. Depuis la fusillade du jeudi 8 f\u00e9vrier et apr\u00e8s l\u2019assassinat d\u2019un homme sous les yeux de son fils quelques jours apr\u00e8s, c\u2019est la peur qui r\u00e8gne. Les enseignants sont dans leur tr\u00e8s grande majorit\u00e9 en arr\u00eat de travail car v\u00e9ritablement choqu\u00e9s. Et on peut les comprendre apr\u00e8s ce qu\u2019ils ont directement v\u00e9cu et alors, il faut bien le dire, que leur prise en charge par l\u2019institution apr\u00e8s le 8 f\u00e9vrier a \u00e9t\u00e9 d\u00e9faillante. Il semble que cette semaine le ton ait chang\u00e9. Tant mieux. Mais cette non-consid\u00e9ration aura fait des d\u00e9g\u00e2ts.\u00a0<\/p>\n\n\n\n<p>J\u2019ai eu l\u2019occasion d\u2019\u00e9changer avec certains d\u2019entre eux durant la semaine \u00e9coul\u00e9e.&nbsp;<\/p>\n\n\n\n<p>Ce sont des enseignants aguerris qui ont d\u00e9j\u00e0 v\u00e9cu il y a quelques ann\u00e9es des situations difficiles li\u00e9es au trafic de drogue. Ils enseignent avec passion dans une \u00e9cole situ\u00e9e en plein c\u0153ur d\u2019un quartier populaire victime des trafics. Ils font tout pour faire grandir les enfants et leur ouvrir l\u2019avenir. On sait les difficult\u00e9s que rev\u00eat cette mission. Alors, se retrouver au milieu d\u2019une fusillade, accueillir la parole des \u00e9l\u00e8ves choqu\u00e9s et ne pas sentir d\u00e8s le d\u00e9but le soutien de l\u2019institution conduit n\u00e9cessairement \u00e0 craquer, \u00e0 se poser des questions sur le sens de son m\u00e9tier. Tout en culpabilisant toujours, comme c\u2019est habituel chez les enseignants, de laisser leurs \u00e9l\u00e8ves pendant quelques jours.&nbsp;<\/p>\n\n\n\n<p>Les enseignants ont besoin de la consid\u00e9ration et de l\u2019accompagnement de tous, tout le temps et encore plus dans ces moments de crise. Ils doivent comme leurs \u00e9l\u00e8ves \u00eatre prot\u00e9g\u00e9s. J\u2019esp\u00e8re que des solutions pourront \u00eatre trouv\u00e9s pour que chacun aille mieux. Il faudra sans doute encore un peu de temps. Et pour que chacun retrouve le chemin de l\u2019\u00e9cole.&nbsp;<\/p>\n\n\n\n<p>C\u2019est vrai pour les \u00e9l\u00e8ves, les enseignants et les parents aussi qui sont des acteurs de l\u2019\u00e9cole et qui aujourd\u2019hui ont peur de laisser sortir leurs enfants. J\u2019ai pu aussi \u00e9changer avec certains d\u2019entre eux. Ils esp\u00e8rent aussi \u00eatre entendus, \u00e9cout\u00e9s et respect\u00e9s.&nbsp;<\/p>\n\n\n\n<p>Sortir de la peur, apaiser, retrouver le cours normal d\u2019une vie\u2026 cela passera \u00e9videmment par des moyens importants et par la mobilisation de tous.<\/p>\n","protected":false},"excerpt":{"rendered":"<p>Chemin-bas d\u2019Avignon- \u00e9cole Bruguier <a href=\"https:\/\/vincentbouget.com\/index.php\/2024\/03\/03\/sortir-de-la-peur-apaiser-retrouver-le-cours-normal-dune-vie\/\" class=\"more-link\">Continuer de lire <span class=\"screen-reader-text\">Sortir de la peur, apaiser, retrouver le cours normal d\u2019une vie.<\/span><\/a><\/p>\n","protected":false},"author":1,"featured_media":723,"comment_status":"open","ping_status":"open","sticky":false,"template":"","format":"standard","meta":{"footnotes":""},"categories":[11],"tags":[105,106],"class_list":["post-722","post","type-post","status-publish","format-standard","has-post-thumbnail","hentry","category-ville-de-nimes-nimes-metropole","tag-bruguier","tag-chemin-bas-davignon"],"yoast_head":"<!-- This site is optimized with the Yoast SEO plugin v24.2 - https:\/\/yoast.com\/wordpress\/plugins\/seo\/ -->\n<title>Sortir de la peur, apaiser, retrouver le cours normal d\u2019une vie. - Le Blog de Vincent Bouget<\/title>\n<meta name=\"robots\" content=\"index, follow, max-snippet:-1, max-image-preview:large, max-video-preview:-1\" \/>\n<link rel=\"canonical\" href=\"https:\/\/vincentbouget.com\/index.php\/2024\/03\/03\/sortir-de-la-peur-apaiser-retrouver-le-cours-normal-dune-vie\/\" \/>\n<meta property=\"og:locale\" content=\"fr_FR\" \/>\n<meta property=\"og:type\" content=\"article\" \/>\n<meta property=\"og:title\" content=\"Sortir de la peur, apaiser, retrouver le cours normal d\u2019une vie. - Le Blog de Vincent Bouget\" \/>\n<meta property=\"og:description\" content=\"Chemin-bas d\u2019Avignon- \u00e9cole Bruguier\" \/>\n<meta property=\"og:url\" content=\"https:\/\/vincentbouget.com\/index.php\/2024\/03\/03\/sortir-de-la-peur-apaiser-retrouver-le-cours-normal-dune-vie\/\" \/>\n<meta property=\"og:site_name\" content=\"Le Blog de Vincent Bouget\" \/>\n<meta property=\"article:published_time\" content=\"2024-03-03T19:59:04+00:00\" \/>\n<meta property=\"og:image\" content=\"https:\/\/vincentbouget.com\/wp-content\/uploads\/2024\/03\/image.jpg\" \/>\n\t<meta property=\"og:image:width\" content=\"1200\" \/>\n\t<meta property=\"og:image:height\" content=\"673\" \/>\n\t<meta property=\"og:image:type\" content=\"image\/jpeg\" \/>\n<meta name=\"author\" content=\"Vincent Bouget\" \/>\n<meta name=\"twitter:card\" content=\"summary_large_image\" \/>\n<meta name=\"twitter:label1\" content=\"\u00c9crit par\" \/>\n\t<meta name=\"twitter:data1\" content=\"Vincent Bouget\" \/>\n\t<meta name=\"twitter:label2\" content=\"Dur\u00e9e de lecture estim\u00e9e\" \/>\n\t<meta name=\"twitter:data2\" content=\"2 minutes\" \/>\n<script type=\"application\/ld+json\" class=\"yoast-schema-graph\">{\"@context\":\"https:\/\/schema.org\",\"@graph\":[{\"@type\":\"Article\",\"@id\":\"https:\/\/vincentbouget.com\/index.php\/2024\/03\/03\/sortir-de-la-peur-apaiser-retrouver-le-cours-normal-dune-vie\/#article\",\"isPartOf\":{\"@id\":\"https:\/\/vincentbouget.com\/index.php\/2024\/03\/03\/sortir-de-la-peur-apaiser-retrouver-le-cours-normal-dune-vie\/\"},\"author\":{\"name\":\"Vincent Bouget\",\"@id\":\"https:\/\/vincentbouget.com\/#\/schema\/person\/a9d7fc5df1fd0b936efa366d917deafc\"},\"headline\":\"Sortir de la peur, apaiser, retrouver le cours normal d\u2019une vie.\",\"datePublished\":\"2024-03-03T19:59:04+00:00\",\"dateModified\":\"2024-03-03T19:59:04+00:00\",\"mainEntityOfPage\":{\"@id\":\"https:\/\/vincentbouget.com\/index.php\/2024\/03\/03\/sortir-de-la-peur-apaiser-retrouver-le-cours-normal-dune-vie\/\"},\"wordCount\":451,\"commentCount\":0,\"publisher\":{\"@id\":\"https:\/\/vincentbouget.com\/#\/schema\/person\/a9d7fc5df1fd0b936efa366d917deafc\"},\"image\":{\"@id\":\"https:\/\/vincentbouget.com\/index.php\/2024\/03\/03\/sortir-de-la-peur-apaiser-retrouver-le-cours-normal-dune-vie\/#primaryimage\"},\"thumbnailUrl\":\"https:\/\/vincentbouget.com\/wp-content\/uploads\/2024\/03\/image.jpg\",\"keywords\":[\"Bruguier\",\"Chemin-bas d\u2019Avignon\"],\"articleSection\":[\"Ville de N\u00eemes \/ N\u00eemes M\u00e9tropole\"],\"inLanguage\":\"fr-FR\",\"potentialAction\":[{\"@type\":\"CommentAction\",\"name\":\"Comment\",\"target\":[\"https:\/\/vincentbouget.com\/index.php\/2024\/03\/03\/sortir-de-la-peur-apaiser-retrouver-le-cours-normal-dune-vie\/#respond\"]}]},{\"@type\":\"WebPage\",\"@id\":\"https:\/\/vincentbouget.com\/index.php\/2024\/03\/03\/sortir-de-la-peur-apaiser-retrouver-le-cours-normal-dune-vie\/\",\"url\":\"https:\/\/vincentbouget.com\/index.php\/2024\/03\/03\/sortir-de-la-peur-apaiser-retrouver-le-cours-normal-dune-vie\/\",\"name\":\"Sortir de la peur, apaiser, retrouver le cours normal d\u2019une vie. - Le Blog de Vincent Bouget\",\"isPartOf\":{\"@id\":\"https:\/\/vincentbouget.com\/#website\"},\"primaryImageOfPage\":{\"@id\":\"https:\/\/vincentbouget.com\/index.php\/2024\/03\/03\/sortir-de-la-peur-apaiser-retrouver-le-cours-normal-dune-vie\/#primaryimage\"},\"image\":{\"@id\":\"https:\/\/vincentbouget.com\/index.php\/2024\/03\/03\/sortir-de-la-peur-apaiser-retrouver-le-cours-normal-dune-vie\/#primaryimage\"},\"thumbnailUrl\":\"https:\/\/vincentbouget.com\/wp-content\/uploads\/2024\/03\/image.jpg\",\"datePublished\":\"2024-03-03T19:59:04+00:00\",\"dateModified\":\"2024-03-03T19:59:04+00:00\",\"breadcrumb\":{\"@id\":\"https:\/\/vincentbouget.com\/index.php\/2024\/03\/03\/sortir-de-la-peur-apaiser-retrouver-le-cours-normal-dune-vie\/#breadcrumb\"},\"inLanguage\":\"fr-FR\",\"potentialAction\":[{\"@type\":\"ReadAction\",\"target\":[\"https:\/\/vincentbouget.com\/index.php\/2024\/03\/03\/sortir-de-la-peur-apaiser-retrouver-le-cours-normal-dune-vie\/\"]}]},{\"@type\":\"ImageObject\",\"inLanguage\":\"fr-FR\",\"@id\":\"https:\/\/vincentbouget.com\/index.php\/2024\/03\/03\/sortir-de-la-peur-apaiser-retrouver-le-cours-normal-dune-vie\/#primaryimage\",\"url\":\"https:\/\/vincentbouget.com\/wp-content\/uploads\/2024\/03\/image.jpg\",\"contentUrl\":\"https:\/\/vincentbouget.com\/wp-content\/uploads\/2024\/03\/image.jpg\",\"width\":1200,\"height\":673},{\"@type\":\"BreadcrumbList\",\"@id\":\"https:\/\/vincentbouget.com\/index.php\/2024\/03\/03\/sortir-de-la-peur-apaiser-retrouver-le-cours-normal-dune-vie\/#breadcrumb\",\"itemListElement\":[{\"@type\":\"ListItem\",\"position\":1,\"name\":\"Accueil\",\"item\":\"https:\/\/vincentbouget.com\/\"},{\"@type\":\"ListItem\",\"position\":2,\"name\":\"Sortir de la peur, apaiser, retrouver le cours normal d\u2019une vie.\"}]},{\"@type\":\"WebSite\",\"@id\":\"https:\/\/vincentbouget.com\/#website\",\"url\":\"https:\/\/vincentbouget.com\/\",\"name\":\"Le Blog de Vincent Bouget\",\"description\":\"&quot;Le courage, c&#039;est d&#039;aller \u00e0 l&#039;id\u00e9al et de comprendre le r\u00e9el&quot; Jean Jaur\u00e8s\",\"publisher\":{\"@id\":\"https:\/\/vincentbouget.com\/#\/schema\/person\/a9d7fc5df1fd0b936efa366d917deafc\"},\"potentialAction\":[{\"@type\":\"SearchAction\",\"target\":{\"@type\":\"EntryPoint\",\"urlTemplate\":\"https:\/\/vincentbouget.com\/?s={search_term_string}\"},\"query-input\":{\"@type\":\"PropertyValueSpecification\",\"valueRequired\":true,\"valueName\":\"search_term_string\"}}],\"inLanguage\":\"fr-FR\"},{\"@type\":[\"Person\",\"Organization\"],\"@id\":\"https:\/\/vincentbouget.com\/#\/schema\/person\/a9d7fc5df1fd0b936efa366d917deafc\",\"name\":\"Vincent Bouget\",\"image\":{\"@type\":\"ImageObject\",\"inLanguage\":\"fr-FR\",\"@id\":\"https:\/\/vincentbouget.com\/#\/schema\/person\/image\/\",\"url\":\"https:\/\/vincentbouget.com\/wp-content\/uploads\/2022\/10\/cropped-Vincent-Bouget-1-1.jpg\",\"contentUrl\":\"https:\/\/vincentbouget.com\/wp-content\/uploads\/2022\/10\/cropped-Vincent-Bouget-1-1.jpg\",\"width\":240,\"height\":240,\"caption\":\"Vincent Bouget\"},\"logo\":{\"@id\":\"https:\/\/vincentbouget.com\/#\/schema\/person\/image\/\"},\"sameAs\":[\"http:\/\/vincentbouget.com\"],\"url\":\"https:\/\/vincentbouget.com\/index.php\/author\/admin3954\/\"}]}<\/script>\n<!-- \/ Yoast SEO plugin. -->","yoast_head_json":{"title":"Sortir de la peur, apaiser, retrouver le cours normal d\u2019une vie. - Le Blog de Vincent Bouget","robots":{"index":"index","follow":"follow","max-snippet":"max-snippet:-1","max-image-preview":"max-image-preview:large","max-video-preview":"max-video-preview:-1"},"canonical":"https:\/\/vincentbouget.com\/index.php\/2024\/03\/03\/sortir-de-la-peur-apaiser-retrouver-le-cours-normal-dune-vie\/","og_locale":"fr_FR","og_type":"article","og_title":"Sortir de la peur, apaiser, retrouver le cours normal d\u2019une vie. - Le Blog de Vincent Bouget","og_description":"Chemin-bas d\u2019Avignon- \u00e9cole Bruguier","og_url":"https:\/\/vincentbouget.com\/index.php\/2024\/03\/03\/sortir-de-la-peur-apaiser-retrouver-le-cours-normal-dune-vie\/","og_site_name":"Le Blog de Vincent Bouget","article_published_time":"2024-03-03T19:59:04+00:00","og_image":[{"width":1200,"height":673,"url":"https:\/\/vincentbouget.com\/wp-content\/uploads\/2024\/03\/image.jpg","type":"image\/jpeg"}],"author":"Vincent Bouget","twitter_card":"summary_large_image","twitter_misc":{"\u00c9crit par":"Vincent Bouget","Dur\u00e9e de lecture estim\u00e9e":"2 minutes"},"schema":{"@context":"https:\/\/schema.org","@graph":[{"@type":"Article","@id":"https:\/\/vincentbouget.com\/index.php\/2024\/03\/03\/sortir-de-la-peur-apaiser-retrouver-le-cours-normal-dune-vie\/#article","isPartOf":{"@id":"https:\/\/vincentbouget.com\/index.php\/2024\/03\/03\/sortir-de-la-peur-apaiser-retrouver-le-cours-normal-dune-vie\/"},"author":{"name":"Vincent Bouget","@id":"https:\/\/vincentbouget.com\/#\/schema\/person\/a9d7fc5df1fd0b936efa366d917deafc"},"headline":"Sortir de la peur, apaiser, retrouver le cours normal d\u2019une vie.","datePublished":"2024-03-03T19:59:04+00:00","dateModified":"2024-03-03T19:59:04+00:00","mainEntityOfPage":{"@id":"https:\/\/vincentbouget.com\/index.php\/2024\/03\/03\/sortir-de-la-peur-apaiser-retrouver-le-cours-normal-dune-vie\/"},"wordCount":451,"commentCount":0,"publisher":{"@id":"https:\/\/vincentbouget.com\/#\/schema\/person\/a9d7fc5df1fd0b936efa366d917deafc"},"image":{"@id":"https:\/\/vincentbouget.com\/index.php\/2024\/03\/03\/sortir-de-la-peur-apaiser-retrouver-le-cours-normal-dune-vie\/#primaryimage"},"thumbnailUrl":"https:\/\/vincentbouget.com\/wp-content\/uploads\/2024\/03\/image.jpg","keywords":["Bruguier","Chemin-bas d\u2019Avignon"],"articleSection":["Ville de N\u00eemes \/ N\u00eemes M\u00e9tropole"],"inLanguage":"fr-FR","potentialAction":[{"@type":"CommentAction","name":"Comment","target":["https:\/\/vincentbouget.com\/index.php\/2024\/03\/03\/sortir-de-la-peur-apaiser-retrouver-le-cours-normal-dune-vie\/#respond"]}]},{"@type":"WebPage","@id":"https:\/\/vincentbouget.com\/index.php\/2024\/03\/03\/sortir-de-la-peur-apaiser-retrouver-le-cours-normal-dune-vie\/","url":"https:\/\/vincentbouget.com\/index.php\/2024\/03\/03\/sortir-de-la-peur-apaiser-retrouver-le-cours-normal-dune-vie\/","name":"Sortir de la peur, apaiser, retrouver le cours normal d\u2019une vie. - Le Blog de Vincent Bouget","isPartOf":{"@id":"https:\/\/vincentbouget.com\/#website"},"primaryImageOfPage":{"@id":"https:\/\/vincentbouget.com\/index.php\/2024\/03\/03\/sortir-de-la-peur-apaiser-retrouver-le-cours-normal-dune-vie\/#primaryimage"},"image":{"@id":"https:\/\/vincentbouget.com\/index.php\/2024\/03\/03\/sortir-de-la-peur-apaiser-retrouver-le-cours-normal-dune-vie\/#primaryimage"},"thumbnailUrl":"https:\/\/vincentbouget.com\/wp-content\/uploads\/2024\/03\/image.jpg","datePublished":"2024-03-03T19:59:04+00:00","dateModified":"2024-03-03T19:59:04+00:00","breadcrumb":{"@id":"https:\/\/vincentbouget.com\/index.php\/2024\/03\/03\/sortir-de-la-peur-apaiser-retrouver-le-cours-normal-dune-vie\/#breadcrumb"},"inLanguage":"fr-FR","potentialAction":[{"@type":"ReadAction","target":["https:\/\/vincentbouget.com\/index.php\/2024\/03\/03\/sortir-de-la-peur-apaiser-retrouver-le-cours-normal-dune-vie\/"]}]},{"@type":"ImageObject","inLanguage":"fr-FR","@id":"https:\/\/vincentbouget.com\/index.php\/2024\/03\/03\/sortir-de-la-peur-apaiser-retrouver-le-cours-normal-dune-vie\/#primaryimage","url":"https:\/\/vincentbouget.com\/wp-content\/uploads\/2024\/03\/image.jpg","contentUrl":"https:\/\/vincentbouget.com\/wp-content\/uploads\/2024\/03\/image.jpg","width":1200,"height":673},{"@type":"BreadcrumbList","@id":"https:\/\/vincentbouget.com\/index.php\/2024\/03\/03\/sortir-de-la-peur-apaiser-retrouver-le-cours-normal-dune-vie\/#breadcrumb","itemListElement":[{"@type":"ListItem","position":1,"name":"Accueil","item":"https:\/\/vincentbouget.com\/"},{"@type":"ListItem","position":2,"name":"Sortir de la peur, apaiser, retrouver le cours normal d\u2019une vie."}]},{"@type":"WebSite","@id":"https:\/\/vincentbouget.com\/#website","url":"https:\/\/vincentbouget.com\/","name":"Le Blog de Vincent Bouget","description":"&quot;Le courage, c&#039;est d&#039;aller \u00e0 l&#039;id\u00e9al et de comprendre le r\u00e9el&quot; Jean Jaur\u00e8s","publisher":{"@id":"https:\/\/vincentbouget.com\/#\/schema\/person\/a9d7fc5df1fd0b936efa366d917deafc"},"potentialAction":[{"@type":"SearchAction","target":{"@type":"EntryPoint","urlTemplate":"https:\/\/vincentbouget.com\/?s={search_term_string}"},"query-input":{"@type":"PropertyValueSpecification","valueRequired":true,"valueName":"search_term_string"}}],"inLanguage":"fr-FR"},{"@type":["Person","Organization"],"@id":"https:\/\/vincentbouget.com\/#\/schema\/person\/a9d7fc5df1fd0b936efa366d917deafc","name":"Vincent Bouget","image":{"@type":"ImageObject","inLanguage":"fr-FR","@id":"https:\/\/vincentbouget.com\/#\/schema\/person\/image\/","url":"https:\/\/vincentbouget.com\/wp-content\/uploads\/2022\/10\/cropped-Vincent-Bouget-1-1.jpg","contentUrl":"https:\/\/vincentbouget.com\/wp-content\/uploads\/2022\/10\/cropped-Vincent-Bouget-1-1.jpg","width":240,"height":240,"caption":"Vincent Bouget"},"logo":{"@id":"https:\/\/vincentbouget.com\/#\/schema\/person\/image\/"},"sameAs":["http:\/\/vincentbouget.com"],"url":"https:\/\/vincentbouget.com\/index.php\/author\/admin3954\/"}]}},"_links":{"self":[{"href":"https:\/\/vincentbouget.com\/index.php\/wp-json\/wp\/v2\/posts\/722","targetHints":{"allow":["GET"]}}],"collection":[{"href":"https:\/\/vincentbouget.com\/index.php\/wp-json\/wp\/v2\/posts"}],"about":[{"href":"https:\/\/vincentbouget.com\/index.php\/wp-json\/wp\/v2\/types\/post"}],"author":[{"embeddable":true,"href":"https:\/\/vincentbouget.com\/index.php\/wp-json\/wp\/v2\/users\/1"}],"replies":[{"embeddable":true,"href":"https:\/\/vincentbouget.com\/index.php\/wp-json\/wp\/v2\/comments?post=722"}],"version-history":[{"count":1,"href":"https:\/\/vincentbouget.com\/index.php\/wp-json\/wp\/v2\/posts\/722\/revisions"}],"predecessor-version":[{"id":724,"href":"https:\/\/vincentbouget.com\/index.php\/wp-json\/wp\/v2\/posts\/722\/revisions\/724"}],"wp:featuredmedia":[{"embeddable":true,"href":"https:\/\/vincentbouget.com\/index.php\/wp-json\/wp\/v2\/media\/723"}],"wp:attachment":[{"href":"https:\/\/vincentbouget.com\/index.php\/wp-json\/wp\/v2\/media?parent=722"}],"wp:term":[{"taxonomy":"category","embeddable":true,"href":"https:\/\/vincentbouget.com\/index.php\/wp-json\/wp\/v2\/categories?post=722"},{"taxonomy":"post_tag","embeddable":true,"href":"https:\/\/vincentbouget.com\/index.php\/wp-json\/wp\/v2\/tags?post=722"}],"curies":[{"name":"wp","href":"https:\/\/api.w.org\/{rel}","templated":true}]}}